{"id":11367,"date":"2025-12-11T08:58:16","date_gmt":"2025-12-11T07:58:16","guid":{"rendered":"https:\/\/www.schaukaeserei.ch\/?p=11367"},"modified":"2025-12-11T08:58:16","modified_gmt":"2025-12-11T07:58:16","slug":"silvester","status":"publish","type":"post","link":"https:\/\/www.schaukaeserei.ch\/de\/silvester\/","title":{"rendered":"Silvester"},"content":{"rendered":"<h2><strong>Appenzeller Schauk\u00e4serei lanciert neues Silvesterkonzept: W\u00fcrziger Jahreswechsel<\/strong><\/h2>\n<h4>Die Appenzeller Schauk\u00e4serei feiert dieses Jahr erstmals den Jahreswechsel mit einem neuen Silvesterkonzept. Unter dem Titel &#8222;W\u00fcrziger Jahreswechsel\u201c erwartet die G\u00e4ste am 31. Dezember ein Abend, der regionale Kulinarik, Appenzeller Live-Musik und das traditionelle Silvesterchlausen verbindet.<\/h4>\n<h3><strong>Tradition &amp; Genuss im festlichen Ambiente<\/strong><\/h3>\n<p>Die Besucherinnen und Besucher d\u00fcrfen sich auf einen kulinarischen Silvesterabend voller Tradition, hochwertigem Genuss und unvergesslichen Erlebnissen freuen. Begleitet wird der Jahresausklang von stimmungsvoller Appenzeller Live-Musik, die dem Anlass eine besondere Atmosph\u00e4re verleiht.<\/p>\n<p>Ein H\u00f6hepunkt des Abends ist der Besuch der Silvesterchl\u00e4use, die im Verlauf des Abends die Schauk\u00e4serei betreten und den G\u00e4sten ein St\u00fcck authentische Appenzeller Kultur n\u00e4herbringen. Zudem erhalten alle Besuchenden freien Eintritt in den Schaubereich der Schauk\u00e4serei.<\/p>\n<h3>Silvester-Package<\/h3>\n<ul>\n<li>Das speziell zusammengestellte Package umfasst:<\/li>\n<li>Willkommensgetr\u00e4nk auf der winterlichen Terrasse<\/li>\n<li>Vorspeisenbuffet<\/li>\n<li>Wahl aus zwei Hauptg\u00e4ngen:<\/li>\n<li>Sennenfondue mit Speck, Gschwellti, Brot und Essiggem\u00fcse (CHF 79.\u2013)<\/li>\n<li>oder Rindsfilet mit Appenzeller\u00ae K\u00e4se-Kr\u00e4uterrisotto und Gem\u00fcse (CHF 95.\u2013)<\/li>\n<li>Dessertbuffet<\/li>\n<\/ul>\n<h3>Ticketing<\/h3>\n<p>Die Pl\u00e4tze sind limitiert. Tickets sind ausschliesslich <strong><a href=\"https:\/\/shop.e-guma.ch\/schaukaeserei\/de\/events\/schauchaesi-silvesterabend-2733204\">online<\/a> <\/strong>erh\u00e4ltlich.<\/p>\n<h4><strong>Weitere Informationen zum neuem Silvesterkonzept finden Sie <a href=\"https:\/\/www.schaukaeserei.ch\/de\/restaurant\/silvester\/\">hier<\/a>.\u00a0<\/strong><\/h4>\n","protected":false},"excerpt":{"rendered":"<p>Appenzeller Schauk\u00e4serei lanciert neues Silvesterkonzept: W\u00fcrziger Jahreswechsel Die Appenzeller Schauk\u00e4serei feiert dieses Jahr erstmals den Jahreswechsel mit einem neuen Silvesterkonzept. [&hellip;]<\/p>\n","protected":false},"author":3,"featured_media":0,"comment_status":"closed","ping_status":"closed","sticky":false,"template":"","format":"standard","meta":{"footnotes":"","_links_to":"","_links_to_target":""},"categories":[27,10],"tags":[],"class_list":["post-11367","post","type-post","status-publish","format-standard","hentry","category-medien-2","category-news-events"],"yoast_head":"<!-- This site is optimized with the Yoast SEO plugin v27.4 - https:\/\/yoast.com\/product\/yoast-seo-wordpress\/ -->\n<title>Silvester &#8211; Appenzeller Schauk\u00e4serei<\/title>\n<meta name=\"robots\" content=\"index, follow, max-snippet:-1, max-image-preview:large, max-video-preview:-1\" \/>\n<link rel=\"canonical\" href=\"https:\/\/www.schaukaeserei.ch\/de\/silvester\/\" \/>\n<meta property=\"og:locale\" content=\"de_DE\" \/>\n<meta property=\"og:type\" content=\"article\" \/>\n<meta property=\"og:title\" content=\"Silvester &#8211; Appenzeller Schauk\u00e4serei\" \/>\n<meta property=\"og:description\" content=\"Appenzeller Schauk\u00e4serei lanciert neues Silvesterkonzept: W\u00fcrziger Jahreswechsel Die Appenzeller Schauk\u00e4serei feiert dieses Jahr erstmals den Jahreswechsel mit einem neuen Silvesterkonzept. [&hellip;]\" \/>\n<meta property=\"og:url\" content=\"https:\/\/www.schaukaeserei.ch\/de\/silvester\/\" \/>\n<meta property=\"og:site_name\" content=\"Appenzeller Schauk\u00e4serei\" \/>\n<meta property=\"article:published_time\" content=\"2025-12-11T07:58:16+00:00\" \/>\n<meta property=\"og:image\" content=\"https:\/\/www.schaukaeserei.ch\/wp-content\/uploads\/2021\/04\/logo_appenzeller_schaukaeserei@2x.png\" \/>\n\t<meta property=\"og:image:width\" content=\"610\" \/>\n\t<meta property=\"og:image:height\" content=\"202\" \/>\n\t<meta property=\"og:image:type\" content=\"image\/png\" \/>\n<meta name=\"author\" content=\"Appenzeller Schauk\u00e4serei\" \/>\n<meta name=\"twitter:card\" content=\"summary_large_image\" \/>\n<meta name=\"twitter:label1\" content=\"Verfasst von\" \/>\n\t<meta name=\"twitter:data1\" content=\"Appenzeller Schauk\u00e4serei\" \/>\n\t<meta name=\"twitter:label2\" content=\"Gesch\u00e4tzte Lesezeit\" \/>\n\t<meta name=\"twitter:data2\" content=\"1\u00a0Minute\" \/>\n<script type=\"application\/ld+json\" class=\"yoast-schema-graph\">{\"@context\":\"https:\\\/\\\/schema.org\",\"@graph\":[{\"@type\":\"Article\",\"@id\":\"https:\\\/\\\/www.schaukaeserei.ch\\\/de\\\/silvester\\\/#article\",\"isPartOf\":{\"@id\":\"https:\\\/\\\/www.schaukaeserei.ch\\\/de\\\/silvester\\\/\"},\"author\":{\"name\":\"Appenzeller Schauk\u00e4serei\",\"@id\":\"https:\\\/\\\/www.schaukaeserei.ch\\\/de\\\/#\\\/schema\\\/person\\\/ac54a4c674e95f577b5617ac8962c6a9\"},\"headline\":\"Silvester\",\"datePublished\":\"2025-12-11T07:58:16+00:00\",\"mainEntityOfPage\":{\"@id\":\"https:\\\/\\\/www.schaukaeserei.ch\\\/de\\\/silvester\\\/\"},\"wordCount\":192,\"articleSection\":[\"Medien\",\"News &amp; Events\"],\"inLanguage\":\"de\"},{\"@type\":\"WebPage\",\"@id\":\"https:\\\/\\\/www.schaukaeserei.ch\\\/de\\\/silvester\\\/\",\"url\":\"https:\\\/\\\/www.schaukaeserei.ch\\\/de\\\/silvester\\\/\",\"name\":\"Silvester &#8211; Appenzeller Schauk\u00e4serei\",\"isPartOf\":{\"@id\":\"https:\\\/\\\/www.schaukaeserei.ch\\\/de\\\/#website\"},\"datePublished\":\"2025-12-11T07:58:16+00:00\",\"author\":{\"@id\":\"https:\\\/\\\/www.schaukaeserei.ch\\\/de\\\/#\\\/schema\\\/person\\\/ac54a4c674e95f577b5617ac8962c6a9\"},\"breadcrumb\":{\"@id\":\"https:\\\/\\\/www.schaukaeserei.ch\\\/de\\\/silvester\\\/#breadcrumb\"},\"inLanguage\":\"de\",\"potentialAction\":[{\"@type\":\"ReadAction\",\"target\":[\"https:\\\/\\\/www.schaukaeserei.ch\\\/de\\\/silvester\\\/\"]}]},{\"@type\":\"BreadcrumbList\",\"@id\":\"https:\\\/\\\/www.schaukaeserei.ch\\\/de\\\/silvester\\\/#breadcrumb\",\"itemListElement\":[{\"@type\":\"ListItem\",\"position\":1,\"name\":\"Startseite\",\"item\":\"https:\\\/\\\/www.schaukaeserei.ch\\\/de\\\/\"},{\"@type\":\"ListItem\",\"position\":2,\"name\":\"Silvester\"}]},{\"@type\":\"WebSite\",\"@id\":\"https:\\\/\\\/www.schaukaeserei.ch\\\/de\\\/#website\",\"url\":\"https:\\\/\\\/www.schaukaeserei.ch\\\/de\\\/\",\"name\":\"Appenzeller Schauk\u00e4serei\",\"description\":\"Entdecken Sie den geheimnisvollen Appenzeller K\u00e4se\",\"potentialAction\":[{\"@type\":\"SearchAction\",\"target\":{\"@type\":\"EntryPoint\",\"urlTemplate\":\"https:\\\/\\\/www.schaukaeserei.ch\\\/de\\\/?s={search_term_string}\"},\"query-input\":{\"@type\":\"PropertyValueSpecification\",\"valueRequired\":true,\"valueName\":\"search_term_string\"}}],\"inLanguage\":\"de\"},{\"@type\":\"Person\",\"@id\":\"https:\\\/\\\/www.schaukaeserei.ch\\\/de\\\/#\\\/schema\\\/person\\\/ac54a4c674e95f577b5617ac8962c6a9\",\"name\":\"Appenzeller Schauk\u00e4serei\",\"image\":{\"@type\":\"ImageObject\",\"inLanguage\":\"de\",\"@id\":\"https:\\\/\\\/secure.gravatar.com\\\/avatar\\\/6fe8364ed5b4ccd9bca9caa6dac45c11fc15ffe4145cbd8cd22b28f05302005e?s=96&d=mm&r=g\",\"url\":\"https:\\\/\\\/secure.gravatar.com\\\/avatar\\\/6fe8364ed5b4ccd9bca9caa6dac45c11fc15ffe4145cbd8cd22b28f05302005e?s=96&d=mm&r=g\",\"contentUrl\":\"https:\\\/\\\/secure.gravatar.com\\\/avatar\\\/6fe8364ed5b4ccd9bca9caa6dac45c11fc15ffe4145cbd8cd22b28f05302005e?s=96&d=mm&r=g\",\"caption\":\"Appenzeller Schauk\u00e4serei\"},\"url\":\"https:\\\/\\\/www.schaukaeserei.ch\\\/de\\\/author\\\/appenzeller\\\/\"}]}<\/script>\n<!-- \/ Yoast SEO plugin. -->","yoast_head_json":{"title":"Silvester &#8211; Appenzeller Schauk\u00e4serei","robots":{"index":"index","follow":"follow","max-snippet":"max-snippet:-1","max-image-preview":"max-image-preview:large","max-video-preview":"max-video-preview:-1"},"canonical":"https:\/\/www.schaukaeserei.ch\/de\/silvester\/","og_locale":"de_DE","og_type":"article","og_title":"Silvester &#8211; Appenzeller Schauk\u00e4serei","og_description":"Appenzeller Schauk\u00e4serei lanciert neues Silvesterkonzept: W\u00fcrziger Jahreswechsel Die Appenzeller Schauk\u00e4serei feiert dieses Jahr erstmals den Jahreswechsel mit einem neuen Silvesterkonzept. [&hellip;]","og_url":"https:\/\/www.schaukaeserei.ch\/de\/silvester\/","og_site_name":"Appenzeller Schauk\u00e4serei","article_published_time":"2025-12-11T07:58:16+00:00","og_image":[{"width":610,"height":202,"url":"https:\/\/www.schaukaeserei.ch\/wp-content\/uploads\/2021\/04\/logo_appenzeller_schaukaeserei@2x.png","type":"image\/png"}],"author":"Appenzeller Schauk\u00e4serei","twitter_card":"summary_large_image","twitter_misc":{"Verfasst von":"Appenzeller Schauk\u00e4serei","Gesch\u00e4tzte Lesezeit":"1\u00a0Minute"},"schema":{"@context":"https:\/\/schema.org","@graph":[{"@type":"Article","@id":"https:\/\/www.schaukaeserei.ch\/de\/silvester\/#article","isPartOf":{"@id":"https:\/\/www.schaukaeserei.ch\/de\/silvester\/"},"author":{"name":"Appenzeller Schauk\u00e4serei","@id":"https:\/\/www.schaukaeserei.ch\/de\/#\/schema\/person\/ac54a4c674e95f577b5617ac8962c6a9"},"headline":"Silvester","datePublished":"2025-12-11T07:58:16+00:00","mainEntityOfPage":{"@id":"https:\/\/www.schaukaeserei.ch\/de\/silvester\/"},"wordCount":192,"articleSection":["Medien","News &amp; Events"],"inLanguage":"de"},{"@type":"WebPage","@id":"https:\/\/www.schaukaeserei.ch\/de\/silvester\/","url":"https:\/\/www.schaukaeserei.ch\/de\/silvester\/","name":"Silvester &#8211; Appenzeller Schauk\u00e4serei","isPartOf":{"@id":"https:\/\/www.schaukaeserei.ch\/de\/#website"},"datePublished":"2025-12-11T07:58:16+00:00","author":{"@id":"https:\/\/www.schaukaeserei.ch\/de\/#\/schema\/person\/ac54a4c674e95f577b5617ac8962c6a9"},"breadcrumb":{"@id":"https:\/\/www.schaukaeserei.ch\/de\/silvester\/#breadcrumb"},"inLanguage":"de","potentialAction":[{"@type":"ReadAction","target":["https:\/\/www.schaukaeserei.ch\/de\/silvester\/"]}]},{"@type":"BreadcrumbList","@id":"https:\/\/www.schaukaeserei.ch\/de\/silvester\/#breadcrumb","itemListElement":[{"@type":"ListItem","position":1,"name":"Startseite","item":"https:\/\/www.schaukaeserei.ch\/de\/"},{"@type":"ListItem","position":2,"name":"Silvester"}]},{"@type":"WebSite","@id":"https:\/\/www.schaukaeserei.ch\/de\/#website","url":"https:\/\/www.schaukaeserei.ch\/de\/","name":"Appenzeller Schauk\u00e4serei","description":"Entdecken Sie den geheimnisvollen Appenzeller K\u00e4se","potentialAction":[{"@type":"SearchAction","target":{"@type":"EntryPoint","urlTemplate":"https:\/\/www.schaukaeserei.ch\/de\/?s={search_term_string}"},"query-input":{"@type":"PropertyValueSpecification","valueRequired":true,"valueName":"search_term_string"}}],"inLanguage":"de"},{"@type":"Person","@id":"https:\/\/www.schaukaeserei.ch\/de\/#\/schema\/person\/ac54a4c674e95f577b5617ac8962c6a9","name":"Appenzeller Schauk\u00e4serei","image":{"@type":"ImageObject","inLanguage":"de","@id":"https:\/\/secure.gravatar.com\/avatar\/6fe8364ed5b4ccd9bca9caa6dac45c11fc15ffe4145cbd8cd22b28f05302005e?s=96&d=mm&r=g","url":"https:\/\/secure.gravatar.com\/avatar\/6fe8364ed5b4ccd9bca9caa6dac45c11fc15ffe4145cbd8cd22b28f05302005e?s=96&d=mm&r=g","contentUrl":"https:\/\/secure.gravatar.com\/avatar\/6fe8364ed5b4ccd9bca9caa6dac45c11fc15ffe4145cbd8cd22b28f05302005e?s=96&d=mm&r=g","caption":"Appenzeller Schauk\u00e4serei"},"url":"https:\/\/www.schaukaeserei.ch\/de\/author\/appenzeller\/"}]}},"publishpress_future_action":{"enabled":false,"date":"2026-05-08 04:34:16","action":"change-status","newStatus":"draft","terms":[],"taxonomy":"category","extraData":[]},"publishpress_future_workflow_manual_trigger":{"enabledWorkflows":[]},"_links":{"self":[{"href":"https:\/\/www.schaukaeserei.ch\/de\/wp-json\/wp\/v2\/posts\/11367","targetHints":{"allow":["GET"]}}],"collection":[{"href":"https:\/\/www.schaukaeserei.ch\/de\/wp-json\/wp\/v2\/posts"}],"about":[{"href":"https:\/\/www.schaukaeserei.ch\/de\/wp-json\/wp\/v2\/types\/post"}],"author":[{"embeddable":true,"href":"https:\/\/www.schaukaeserei.ch\/de\/wp-json\/wp\/v2\/users\/3"}],"replies":[{"embeddable":true,"href":"https:\/\/www.schaukaeserei.ch\/de\/wp-json\/wp\/v2\/comments?post=11367"}],"version-history":[{"count":1,"href":"https:\/\/www.schaukaeserei.ch\/de\/wp-json\/wp\/v2\/posts\/11367\/revisions"}],"predecessor-version":[{"id":11368,"href":"https:\/\/www.schaukaeserei.ch\/de\/wp-json\/wp\/v2\/posts\/11367\/revisions\/11368"}],"wp:attachment":[{"href":"https:\/\/www.schaukaeserei.ch\/de\/wp-json\/wp\/v2\/media?parent=11367"}],"wp:term":[{"taxonomy":"category","embeddable":true,"href":"https:\/\/www.schaukaeserei.ch\/de\/wp-json\/wp\/v2\/categories?post=11367"},{"taxonomy":"post_tag","embeddable":true,"href":"https:\/\/www.schaukaeserei.ch\/de\/wp-json\/wp\/v2\/tags?post=11367"}],"curies":[{"name":"wp","href":"https:\/\/api.w.org\/{rel}","templated":true}]}}