{"id":4688,"date":"2021-12-08T16:56:39","date_gmt":"2021-12-08T14:56:39","guid":{"rendered":"https:\/\/www.schaukaeserei.ch\/?p=4688"},"modified":"2022-01-21T10:08:15","modified_gmt":"2022-01-21T08:08:15","slug":"weihnachten-und-silvester-in-der-schaukaeserei","status":"publish","type":"post","link":"https:\/\/www.schaukaeserei.ch\/de\/weihnachten-und-silvester-in-der-schaukaeserei\/","title":{"rendered":"Weihnachten und Silvester in der Schauk\u00e4serei"},"content":{"rendered":"<div class=\"wpb-content-wrapper\"><p>[vc_row][vc_column width=&#8220;1\/1&#8243;][vc_column_text uncode_shortcode_id=&#8220;202868&#8243;]Wir freuen uns mit Ihnen eine gem\u00fctliche und urchige Weihnachtszeit verbringen zu d\u00fcrfen. Am Freitag, 24. Dezember starten wir um 9.00 Uhr mit einem Weihnachts-Buffet gem\u00fctlich in die Feiertage. Am Altjahresabend l\u00e4dt das Echo vom Saum ab 19.00 Uhr zu einem sennischen Abendessen bei musikalischer Unterhaltung ein.<\/p>\n<p>Ebenfalls freuen wir uns, die einen oder anderen Chlausenschuppel bei uns begr\u00fcssen zu d\u00fcrfen.<\/p>\n<p>Weitere Infos finden Sie <a href=\"https:\/\/www.schaukaeserei.ch\/de\/aktuelles\/veranstaltungen\/\">hier<\/a>.[\/vc_column_text][\/vc_column][\/vc_row]<\/p>\n<\/div>","protected":false},"excerpt":{"rendered":"<p>Wir freuen uns mit Ihnen eine gem\u00fctliche und urchige Weihnachtszeit verbringen zu d\u00fcrfen. Am Freitag, 24. Dezember starten wir um 9.00 Uhr mit einem Weihnachts-Buffet gem\u00fctlich in die Feiertage. Am Altjahresabend l\u00e4dt das Echo vom Saum ab 19.00 Uhr zu einem sennischen Abendessen bei musikalischer Unterhaltung ein.<\/p>\n","protected":false},"author":3,"featured_media":4690,"comment_status":"closed","ping_status":"closed","sticky":false,"template":"","format":"standard","meta":{"footnotes":"","_links_to":"","_links_to_target":""},"categories":[31],"tags":[45,44,43],"class_list":["post-4688","post","type-post","status-publish","format-standard","has-post-thumbnail","hentry","category-abgelaufen","tag-festtage","tag-silvester","tag-weihnachten"],"yoast_head":"<!-- This site is optimized with the Yoast SEO plugin v27.4 - https:\/\/yoast.com\/product\/yoast-seo-wordpress\/ -->\n<title>Weihnachten und Silvester in der Schauk\u00e4serei &#8211; Appenzeller Schauk\u00e4serei<\/title>\n<meta name=\"robots\" content=\"index, follow, max-snippet:-1, max-image-preview:large, max-video-preview:-1\" \/>\n<link rel=\"canonical\" href=\"https:\/\/www.schaukaeserei.ch\/de\/weihnachten-und-silvester-in-der-schaukaeserei\/\" \/>\n<meta property=\"og:locale\" content=\"de_DE\" \/>\n<meta property=\"og:type\" content=\"article\" \/>\n<meta property=\"og:title\" content=\"Weihnachten und Silvester in der Schauk\u00e4serei &#8211; Appenzeller Schauk\u00e4serei\" \/>\n<meta property=\"og:description\" content=\"Wir freuen uns mit Ihnen eine gem\u00fctliche und urchige Weihnachtszeit verbringen zu d\u00fcrfen. Am Freitag, 24. Dezember starten wir um 9.00 Uhr mit einem Weihnachts-Buffet gem\u00fctlich in die Feiertage. Am Altjahresabend l\u00e4dt das Echo vom Saum ab 19.00 Uhr zu einem sennischen Abendessen bei musikalischer Unterhaltung ein.\" \/>\n<meta property=\"og:url\" content=\"https:\/\/www.schaukaeserei.ch\/de\/weihnachten-und-silvester-in-der-schaukaeserei\/\" \/>\n<meta property=\"og:site_name\" content=\"Appenzeller Schauk\u00e4serei\" \/>\n<meta property=\"article:published_time\" content=\"2021-12-08T14:56:39+00:00\" \/>\n<meta property=\"article:modified_time\" content=\"2022-01-21T08:08:15+00:00\" \/>\n<meta property=\"og:image\" content=\"https:\/\/www.schaukaeserei.ch\/wp-content\/uploads\/2021\/12\/urnaesch_silvesterchlausen-4-scaled-e1638975760569.jpg\" \/>\n\t<meta property=\"og:image:width\" content=\"1548\" \/>\n\t<meta property=\"og:image:height\" content=\"1548\" \/>\n\t<meta property=\"og:image:type\" content=\"image\/jpeg\" \/>\n<meta name=\"author\" content=\"Appenzeller Schauk\u00e4serei\" \/>\n<meta name=\"twitter:card\" content=\"summary_large_image\" \/>\n<meta name=\"twitter:label1\" content=\"Verfasst von\" \/>\n\t<meta name=\"twitter:data1\" content=\"Appenzeller Schauk\u00e4serei\" \/>\n\t<meta name=\"twitter:label2\" content=\"Gesch\u00e4tzte Lesezeit\" \/>\n\t<meta name=\"twitter:data2\" content=\"1\u00a0Minute\" \/>\n<script type=\"application\/ld+json\" class=\"yoast-schema-graph\">{\"@context\":\"https:\\\/\\\/schema.org\",\"@graph\":[{\"@type\":\"Article\",\"@id\":\"https:\\\/\\\/www.schaukaeserei.ch\\\/de\\\/weihnachten-und-silvester-in-der-schaukaeserei\\\/#article\",\"isPartOf\":{\"@id\":\"https:\\\/\\\/www.schaukaeserei.ch\\\/de\\\/weihnachten-und-silvester-in-der-schaukaeserei\\\/\"},\"author\":{\"name\":\"Appenzeller Schauk\u00e4serei\",\"@id\":\"https:\\\/\\\/www.schaukaeserei.ch\\\/de\\\/#\\\/schema\\\/person\\\/ac54a4c674e95f577b5617ac8962c6a9\"},\"headline\":\"Weihnachten und Silvester in der Schauk\u00e4serei\",\"datePublished\":\"2021-12-08T14:56:39+00:00\",\"dateModified\":\"2022-01-21T08:08:15+00:00\",\"mainEntityOfPage\":{\"@id\":\"https:\\\/\\\/www.schaukaeserei.ch\\\/de\\\/weihnachten-und-silvester-in-der-schaukaeserei\\\/\"},\"wordCount\":94,\"image\":{\"@id\":\"https:\\\/\\\/www.schaukaeserei.ch\\\/de\\\/weihnachten-und-silvester-in-der-schaukaeserei\\\/#primaryimage\"},\"thumbnailUrl\":\"https:\\\/\\\/www.schaukaeserei.ch\\\/wp-content\\\/uploads\\\/2021\\\/12\\\/urnaesch_silvesterchlausen-4-scaled-e1638975760569.jpg\",\"keywords\":[\"Festtage\",\"Silvester\",\"Weihnachten\"],\"articleSection\":[\"Abgelaufen\"],\"inLanguage\":\"de\"},{\"@type\":\"WebPage\",\"@id\":\"https:\\\/\\\/www.schaukaeserei.ch\\\/de\\\/weihnachten-und-silvester-in-der-schaukaeserei\\\/\",\"url\":\"https:\\\/\\\/www.schaukaeserei.ch\\\/de\\\/weihnachten-und-silvester-in-der-schaukaeserei\\\/\",\"name\":\"Weihnachten und Silvester in der Schauk\u00e4serei &#8211; Appenzeller Schauk\u00e4serei\",\"isPartOf\":{\"@id\":\"https:\\\/\\\/www.schaukaeserei.ch\\\/de\\\/#website\"},\"primaryImageOfPage\":{\"@id\":\"https:\\\/\\\/www.schaukaeserei.ch\\\/de\\\/weihnachten-und-silvester-in-der-schaukaeserei\\\/#primaryimage\"},\"image\":{\"@id\":\"https:\\\/\\\/www.schaukaeserei.ch\\\/de\\\/weihnachten-und-silvester-in-der-schaukaeserei\\\/#primaryimage\"},\"thumbnailUrl\":\"https:\\\/\\\/www.schaukaeserei.ch\\\/wp-content\\\/uploads\\\/2021\\\/12\\\/urnaesch_silvesterchlausen-4-scaled-e1638975760569.jpg\",\"datePublished\":\"2021-12-08T14:56:39+00:00\",\"dateModified\":\"2022-01-21T08:08:15+00:00\",\"author\":{\"@id\":\"https:\\\/\\\/www.schaukaeserei.ch\\\/de\\\/#\\\/schema\\\/person\\\/ac54a4c674e95f577b5617ac8962c6a9\"},\"breadcrumb\":{\"@id\":\"https:\\\/\\\/www.schaukaeserei.ch\\\/de\\\/weihnachten-und-silvester-in-der-schaukaeserei\\\/#breadcrumb\"},\"inLanguage\":\"de\",\"potentialAction\":[{\"@type\":\"ReadAction\",\"target\":[\"https:\\\/\\\/www.schaukaeserei.ch\\\/de\\\/weihnachten-und-silvester-in-der-schaukaeserei\\\/\"]}]},{\"@type\":\"ImageObject\",\"inLanguage\":\"de\",\"@id\":\"https:\\\/\\\/www.schaukaeserei.ch\\\/de\\\/weihnachten-und-silvester-in-der-schaukaeserei\\\/#primaryimage\",\"url\":\"https:\\\/\\\/www.schaukaeserei.ch\\\/wp-content\\\/uploads\\\/2021\\\/12\\\/urnaesch_silvesterchlausen-4-scaled-e1638975760569.jpg\",\"contentUrl\":\"https:\\\/\\\/www.schaukaeserei.ch\\\/wp-content\\\/uploads\\\/2021\\\/12\\\/urnaesch_silvesterchlausen-4-scaled-e1638975760569.jpg\",\"width\":1548,\"height\":1548,\"caption\":\"Das Silvesterchlausen ist ein uralter Brauch in diverser Gemeinden im Appenzeller Hinterland und Mittelland.\"},{\"@type\":\"BreadcrumbList\",\"@id\":\"https:\\\/\\\/www.schaukaeserei.ch\\\/de\\\/weihnachten-und-silvester-in-der-schaukaeserei\\\/#breadcrumb\",\"itemListElement\":[{\"@type\":\"ListItem\",\"position\":1,\"name\":\"Startseite\",\"item\":\"https:\\\/\\\/www.schaukaeserei.ch\\\/de\\\/\"},{\"@type\":\"ListItem\",\"position\":2,\"name\":\"Weihnachten und Silvester in der Schauk\u00e4serei\"}]},{\"@type\":\"WebSite\",\"@id\":\"https:\\\/\\\/www.schaukaeserei.ch\\\/de\\\/#website\",\"url\":\"https:\\\/\\\/www.schaukaeserei.ch\\\/de\\\/\",\"name\":\"Appenzeller Schauk\u00e4serei\",\"description\":\"Entdecken Sie den geheimnisvollen Appenzeller K\u00e4se\",\"potentialAction\":[{\"@type\":\"SearchAction\",\"target\":{\"@type\":\"EntryPoint\",\"urlTemplate\":\"https:\\\/\\\/www.schaukaeserei.ch\\\/de\\\/?s={search_term_string}\"},\"query-input\":{\"@type\":\"PropertyValueSpecification\",\"valueRequired\":true,\"valueName\":\"search_term_string\"}}],\"inLanguage\":\"de\"},{\"@type\":\"Person\",\"@id\":\"https:\\\/\\\/www.schaukaeserei.ch\\\/de\\\/#\\\/schema\\\/person\\\/ac54a4c674e95f577b5617ac8962c6a9\",\"name\":\"Appenzeller Schauk\u00e4serei\",\"image\":{\"@type\":\"ImageObject\",\"inLanguage\":\"de\",\"@id\":\"https:\\\/\\\/secure.gravatar.com\\\/avatar\\\/6fe8364ed5b4ccd9bca9caa6dac45c11fc15ffe4145cbd8cd22b28f05302005e?s=96&d=mm&r=g\",\"url\":\"https:\\\/\\\/secure.gravatar.com\\\/avatar\\\/6fe8364ed5b4ccd9bca9caa6dac45c11fc15ffe4145cbd8cd22b28f05302005e?s=96&d=mm&r=g\",\"contentUrl\":\"https:\\\/\\\/secure.gravatar.com\\\/avatar\\\/6fe8364ed5b4ccd9bca9caa6dac45c11fc15ffe4145cbd8cd22b28f05302005e?s=96&d=mm&r=g\",\"caption\":\"Appenzeller Schauk\u00e4serei\"},\"url\":\"https:\\\/\\\/www.schaukaeserei.ch\\\/de\\\/author\\\/appenzeller\\\/\"}]}<\/script>\n<!-- \/ Yoast SEO plugin. -->","yoast_head_json":{"title":"Weihnachten und Silvester in der Schauk\u00e4serei &#8211; Appenzeller Schauk\u00e4serei","robots":{"index":"index","follow":"follow","max-snippet":"max-snippet:-1","max-image-preview":"max-image-preview:large","max-video-preview":"max-video-preview:-1"},"canonical":"https:\/\/www.schaukaeserei.ch\/de\/weihnachten-und-silvester-in-der-schaukaeserei\/","og_locale":"de_DE","og_type":"article","og_title":"Weihnachten und Silvester in der Schauk\u00e4serei &#8211; Appenzeller Schauk\u00e4serei","og_description":"Wir freuen uns mit Ihnen eine gem\u00fctliche und urchige Weihnachtszeit verbringen zu d\u00fcrfen. Am Freitag, 24. Dezember starten wir um 9.00 Uhr mit einem Weihnachts-Buffet gem\u00fctlich in die Feiertage. Am Altjahresabend l\u00e4dt das Echo vom Saum ab 19.00 Uhr zu einem sennischen Abendessen bei musikalischer Unterhaltung ein.","og_url":"https:\/\/www.schaukaeserei.ch\/de\/weihnachten-und-silvester-in-der-schaukaeserei\/","og_site_name":"Appenzeller Schauk\u00e4serei","article_published_time":"2021-12-08T14:56:39+00:00","article_modified_time":"2022-01-21T08:08:15+00:00","og_image":[{"width":1548,"height":1548,"url":"https:\/\/www.schaukaeserei.ch\/wp-content\/uploads\/2021\/12\/urnaesch_silvesterchlausen-4-scaled-e1638975760569.jpg","type":"image\/jpeg"}],"author":"Appenzeller Schauk\u00e4serei","twitter_card":"summary_large_image","twitter_misc":{"Verfasst von":"Appenzeller Schauk\u00e4serei","Gesch\u00e4tzte Lesezeit":"1\u00a0Minute"},"schema":{"@context":"https:\/\/schema.org","@graph":[{"@type":"Article","@id":"https:\/\/www.schaukaeserei.ch\/de\/weihnachten-und-silvester-in-der-schaukaeserei\/#article","isPartOf":{"@id":"https:\/\/www.schaukaeserei.ch\/de\/weihnachten-und-silvester-in-der-schaukaeserei\/"},"author":{"name":"Appenzeller Schauk\u00e4serei","@id":"https:\/\/www.schaukaeserei.ch\/de\/#\/schema\/person\/ac54a4c674e95f577b5617ac8962c6a9"},"headline":"Weihnachten und Silvester in der Schauk\u00e4serei","datePublished":"2021-12-08T14:56:39+00:00","dateModified":"2022-01-21T08:08:15+00:00","mainEntityOfPage":{"@id":"https:\/\/www.schaukaeserei.ch\/de\/weihnachten-und-silvester-in-der-schaukaeserei\/"},"wordCount":94,"image":{"@id":"https:\/\/www.schaukaeserei.ch\/de\/weihnachten-und-silvester-in-der-schaukaeserei\/#primaryimage"},"thumbnailUrl":"https:\/\/www.schaukaeserei.ch\/wp-content\/uploads\/2021\/12\/urnaesch_silvesterchlausen-4-scaled-e1638975760569.jpg","keywords":["Festtage","Silvester","Weihnachten"],"articleSection":["Abgelaufen"],"inLanguage":"de"},{"@type":"WebPage","@id":"https:\/\/www.schaukaeserei.ch\/de\/weihnachten-und-silvester-in-der-schaukaeserei\/","url":"https:\/\/www.schaukaeserei.ch\/de\/weihnachten-und-silvester-in-der-schaukaeserei\/","name":"Weihnachten und Silvester in der Schauk\u00e4serei &#8211; Appenzeller Schauk\u00e4serei","isPartOf":{"@id":"https:\/\/www.schaukaeserei.ch\/de\/#website"},"primaryImageOfPage":{"@id":"https:\/\/www.schaukaeserei.ch\/de\/weihnachten-und-silvester-in-der-schaukaeserei\/#primaryimage"},"image":{"@id":"https:\/\/www.schaukaeserei.ch\/de\/weihnachten-und-silvester-in-der-schaukaeserei\/#primaryimage"},"thumbnailUrl":"https:\/\/www.schaukaeserei.ch\/wp-content\/uploads\/2021\/12\/urnaesch_silvesterchlausen-4-scaled-e1638975760569.jpg","datePublished":"2021-12-08T14:56:39+00:00","dateModified":"2022-01-21T08:08:15+00:00","author":{"@id":"https:\/\/www.schaukaeserei.ch\/de\/#\/schema\/person\/ac54a4c674e95f577b5617ac8962c6a9"},"breadcrumb":{"@id":"https:\/\/www.schaukaeserei.ch\/de\/weihnachten-und-silvester-in-der-schaukaeserei\/#breadcrumb"},"inLanguage":"de","potentialAction":[{"@type":"ReadAction","target":["https:\/\/www.schaukaeserei.ch\/de\/weihnachten-und-silvester-in-der-schaukaeserei\/"]}]},{"@type":"ImageObject","inLanguage":"de","@id":"https:\/\/www.schaukaeserei.ch\/de\/weihnachten-und-silvester-in-der-schaukaeserei\/#primaryimage","url":"https:\/\/www.schaukaeserei.ch\/wp-content\/uploads\/2021\/12\/urnaesch_silvesterchlausen-4-scaled-e1638975760569.jpg","contentUrl":"https:\/\/www.schaukaeserei.ch\/wp-content\/uploads\/2021\/12\/urnaesch_silvesterchlausen-4-scaled-e1638975760569.jpg","width":1548,"height":1548,"caption":"Das Silvesterchlausen ist ein uralter Brauch in diverser Gemeinden im Appenzeller Hinterland und Mittelland."},{"@type":"BreadcrumbList","@id":"https:\/\/www.schaukaeserei.ch\/de\/weihnachten-und-silvester-in-der-schaukaeserei\/#breadcrumb","itemListElement":[{"@type":"ListItem","position":1,"name":"Startseite","item":"https:\/\/www.schaukaeserei.ch\/de\/"},{"@type":"ListItem","position":2,"name":"Weihnachten und Silvester in der Schauk\u00e4serei"}]},{"@type":"WebSite","@id":"https:\/\/www.schaukaeserei.ch\/de\/#website","url":"https:\/\/www.schaukaeserei.ch\/de\/","name":"Appenzeller Schauk\u00e4serei","description":"Entdecken Sie den geheimnisvollen Appenzeller K\u00e4se","potentialAction":[{"@type":"SearchAction","target":{"@type":"EntryPoint","urlTemplate":"https:\/\/www.schaukaeserei.ch\/de\/?s={search_term_string}"},"query-input":{"@type":"PropertyValueSpecification","valueRequired":true,"valueName":"search_term_string"}}],"inLanguage":"de"},{"@type":"Person","@id":"https:\/\/www.schaukaeserei.ch\/de\/#\/schema\/person\/ac54a4c674e95f577b5617ac8962c6a9","name":"Appenzeller Schauk\u00e4serei","image":{"@type":"ImageObject","inLanguage":"de","@id":"https:\/\/secure.gravatar.com\/avatar\/6fe8364ed5b4ccd9bca9caa6dac45c11fc15ffe4145cbd8cd22b28f05302005e?s=96&d=mm&r=g","url":"https:\/\/secure.gravatar.com\/avatar\/6fe8364ed5b4ccd9bca9caa6dac45c11fc15ffe4145cbd8cd22b28f05302005e?s=96&d=mm&r=g","contentUrl":"https:\/\/secure.gravatar.com\/avatar\/6fe8364ed5b4ccd9bca9caa6dac45c11fc15ffe4145cbd8cd22b28f05302005e?s=96&d=mm&r=g","caption":"Appenzeller Schauk\u00e4serei"},"url":"https:\/\/www.schaukaeserei.ch\/de\/author\/appenzeller\/"}]}},"publishpress_future_action":{"enabled":false,"date":"2026-05-09 01:35:34","action":"change-status","newStatus":"draft","terms":[],"taxonomy":"category","extraData":[]},"publishpress_future_workflow_manual_trigger":{"enabledWorkflows":[]},"_links":{"self":[{"href":"https:\/\/www.schaukaeserei.ch\/de\/wp-json\/wp\/v2\/posts\/4688","targetHints":{"allow":["GET"]}}],"collection":[{"href":"https:\/\/www.schaukaeserei.ch\/de\/wp-json\/wp\/v2\/posts"}],"about":[{"href":"https:\/\/www.schaukaeserei.ch\/de\/wp-json\/wp\/v2\/types\/post"}],"author":[{"embeddable":true,"href":"https:\/\/www.schaukaeserei.ch\/de\/wp-json\/wp\/v2\/users\/3"}],"replies":[{"embeddable":true,"href":"https:\/\/www.schaukaeserei.ch\/de\/wp-json\/wp\/v2\/comments?post=4688"}],"version-history":[{"count":2,"href":"https:\/\/www.schaukaeserei.ch\/de\/wp-json\/wp\/v2\/posts\/4688\/revisions"}],"predecessor-version":[{"id":4693,"href":"https:\/\/www.schaukaeserei.ch\/de\/wp-json\/wp\/v2\/posts\/4688\/revisions\/4693"}],"wp:featuredmedia":[{"embeddable":true,"href":"https:\/\/www.schaukaeserei.ch\/de\/wp-json\/wp\/v2\/media\/4690"}],"wp:attachment":[{"href":"https:\/\/www.schaukaeserei.ch\/de\/wp-json\/wp\/v2\/media?parent=4688"}],"wp:term":[{"taxonomy":"category","embeddable":true,"href":"https:\/\/www.schaukaeserei.ch\/de\/wp-json\/wp\/v2\/categories?post=4688"},{"taxonomy":"post_tag","embeddable":true,"href":"https:\/\/www.schaukaeserei.ch\/de\/wp-json\/wp\/v2\/tags?post=4688"}],"curies":[{"name":"wp","href":"https:\/\/api.w.org\/{rel}","templated":true}]}}