{"id":5562,"date":"2022-11-24T15:32:34","date_gmt":"2022-11-24T13:32:34","guid":{"rendered":"https:\/\/www.schaukaeserei.ch\/?p=5562"},"modified":"2022-11-25T11:56:51","modified_gmt":"2022-11-25T09:56:51","slug":"silvester-in-der-schauchaesi","status":"publish","type":"post","link":"https:\/\/www.schaukaeserei.ch\/de\/silvester-in-der-schauchaesi\/","title":{"rendered":"Silvester in der Schauch\u00e4si"},"content":{"rendered":"<div class=\"wpb-content-wrapper\"><p>[vc_row][vc_column width=&#8220;1\/1&#8243;][vc_column_text uncode_shortcode_id=&#8220;130065&#8243;]<span style=\"color: #1d1d1b; font-family: lora, georgia, times new roman, serif;\">In der Silvesternacht l\u00e4uft es rund in der Schauk\u00e4serei. Das Restaurant bleibt extra bis nach Mitternacht ge\u00f6ffnet, damit wir mit Ihnen aufs neue Jahr anstossen k\u00f6nnen. Es gibt ein leckeres Festmen\u00fc (Tischreservation erforderlich) und die Streichmusik Echo vom Saum aus Herisau begleitet uns durch einen magischen Abend. Nat\u00fcrlich d\u00fcrfen wir in unseren gem\u00fctlichen Stuben auch mit dem Besuch der legend\u00e4ren Silvesterchl\u00e4use rechnen.\u00a0<\/span><\/p>\n<p><span class=\"font-710837\"><strong>Silvestermen\u00fc:<\/strong><\/span><\/p>\n<p><span class=\"font-710837\"><strong>Sennenfondue<br \/>\n<\/strong><\/span><span class=\"font-710837\">Eigene, traditionelle Schauch\u00e4si-Hausmischung mit anged\u00fcnsteten Zwiebeln und Speck, dazu servieren wir Gschwellti und Fonduebrot<br \/>\nCHF 48.00 pro Person\u00a0\u00a0<\/span><\/p>\n<p><span class=\"font-710837\"><em><strong>oder<\/strong><\/em><\/span><\/p>\n<p><span class=\"font-710837\"><strong>Sennenspiess<br \/>\n<\/strong>Zartes Schweine-, Rinds-, Truthahn- und Pouletfleisch am Spiess grilliert, Kr\u00e4uterbutter, serviert mit gemischten Salaten und Pommes frites<br \/>\nCHF 48.00 pro Person<\/span><\/p>\n<p><span class=\"font-710837\">Jetzt einen Tisch reservieren: <a href=\"tel: +41713685070\">071 368 50 70<\/a> oder <a href=\"mailto:info@schaukaeserei.ch\">info@schaukaeserei.ch<\/a><\/span>[\/vc_column_text][vc_single_image media=&#8220;5563&#8243; media_width_percent=&#8220;100&#8243; uncode_shortcode_id=&#8220;197809&#8243;][\/vc_column][\/vc_row]<\/p>\n<\/div>","protected":false},"excerpt":{"rendered":"<p>[vc_row][vc_column width=&#8220;1\/1&#8243;][vc_column_text uncode_shortcode_id=&#8220;130065&#8243;]In der Silvesternacht l\u00e4uft es rund in der Schauk\u00e4serei. Das Restaurant bleibt extra bis nach Mitternacht ge\u00f6ffnet, damit [&hellip;]<\/p>\n","protected":false},"author":3,"featured_media":0,"comment_status":"closed","ping_status":"closed","sticky":false,"template":"","format":"standard","meta":{"footnotes":"","_links_to":"","_links_to_target":""},"categories":[27,10,1],"tags":[],"class_list":["post-5562","post","type-post","status-publish","format-standard","hentry","category-medien-2","category-news-events","category-unkategorisiert"],"yoast_head":"<!-- This site is optimized with the Yoast SEO plugin v27.4 - https:\/\/yoast.com\/product\/yoast-seo-wordpress\/ -->\n<title>Silvester in der Schauch\u00e4si &#8211; Appenzeller Schauk\u00e4serei<\/title>\n<meta name=\"robots\" content=\"index, follow, max-snippet:-1, max-image-preview:large, max-video-preview:-1\" \/>\n<link rel=\"canonical\" href=\"https:\/\/www.schaukaeserei.ch\/de\/silvester-in-der-schauchaesi\/\" \/>\n<meta property=\"og:locale\" content=\"de_DE\" \/>\n<meta property=\"og:type\" content=\"article\" \/>\n<meta property=\"og:title\" content=\"Silvester in der Schauch\u00e4si &#8211; Appenzeller Schauk\u00e4serei\" \/>\n<meta property=\"og:description\" content=\"[vc_row][vc_column width=&#8220;1\/1&#8243;][vc_column_text uncode_shortcode_id=&#8220;130065&#8243;]In der Silvesternacht l\u00e4uft es rund in der Schauk\u00e4serei. Das Restaurant bleibt extra bis nach Mitternacht ge\u00f6ffnet, damit [&hellip;]\" \/>\n<meta property=\"og:url\" content=\"https:\/\/www.schaukaeserei.ch\/de\/silvester-in-der-schauchaesi\/\" \/>\n<meta property=\"og:site_name\" content=\"Appenzeller Schauk\u00e4serei\" \/>\n<meta property=\"article:published_time\" content=\"2022-11-24T13:32:34+00:00\" \/>\n<meta property=\"article:modified_time\" content=\"2022-11-25T09:56:51+00:00\" \/>\n<meta property=\"og:image\" content=\"https:\/\/www.schaukaeserei.ch\/wp-content\/uploads\/2021\/04\/logo_appenzeller_schaukaeserei@2x.png\" \/>\n\t<meta property=\"og:image:width\" content=\"610\" \/>\n\t<meta property=\"og:image:height\" content=\"202\" \/>\n\t<meta property=\"og:image:type\" content=\"image\/png\" \/>\n<meta name=\"author\" content=\"Appenzeller Schauk\u00e4serei\" \/>\n<meta name=\"twitter:card\" content=\"summary_large_image\" \/>\n<meta name=\"twitter:label1\" content=\"Verfasst von\" \/>\n\t<meta name=\"twitter:data1\" content=\"Appenzeller Schauk\u00e4serei\" \/>\n\t<meta name=\"twitter:label2\" content=\"Gesch\u00e4tzte Lesezeit\" \/>\n\t<meta name=\"twitter:data2\" content=\"1\u00a0Minute\" \/>\n<script type=\"application\/ld+json\" class=\"yoast-schema-graph\">{\"@context\":\"https:\\\/\\\/schema.org\",\"@graph\":[{\"@type\":\"Article\",\"@id\":\"https:\\\/\\\/www.schaukaeserei.ch\\\/de\\\/silvester-in-der-schauchaesi\\\/#article\",\"isPartOf\":{\"@id\":\"https:\\\/\\\/www.schaukaeserei.ch\\\/de\\\/silvester-in-der-schauchaesi\\\/\"},\"author\":{\"name\":\"Appenzeller Schauk\u00e4serei\",\"@id\":\"https:\\\/\\\/www.schaukaeserei.ch\\\/de\\\/#\\\/schema\\\/person\\\/ac54a4c674e95f577b5617ac8962c6a9\"},\"headline\":\"Silvester in der Schauch\u00e4si\",\"datePublished\":\"2022-11-24T13:32:34+00:00\",\"dateModified\":\"2022-11-25T09:56:51+00:00\",\"mainEntityOfPage\":{\"@id\":\"https:\\\/\\\/www.schaukaeserei.ch\\\/de\\\/silvester-in-der-schauchaesi\\\/\"},\"wordCount\":156,\"articleSection\":[\"Medien\",\"News &amp; Events\",\"Unkategorisiert\"],\"inLanguage\":\"de\"},{\"@type\":\"WebPage\",\"@id\":\"https:\\\/\\\/www.schaukaeserei.ch\\\/de\\\/silvester-in-der-schauchaesi\\\/\",\"url\":\"https:\\\/\\\/www.schaukaeserei.ch\\\/de\\\/silvester-in-der-schauchaesi\\\/\",\"name\":\"Silvester in der Schauch\u00e4si &#8211; Appenzeller Schauk\u00e4serei\",\"isPartOf\":{\"@id\":\"https:\\\/\\\/www.schaukaeserei.ch\\\/de\\\/#website\"},\"datePublished\":\"2022-11-24T13:32:34+00:00\",\"dateModified\":\"2022-11-25T09:56:51+00:00\",\"author\":{\"@id\":\"https:\\\/\\\/www.schaukaeserei.ch\\\/de\\\/#\\\/schema\\\/person\\\/ac54a4c674e95f577b5617ac8962c6a9\"},\"breadcrumb\":{\"@id\":\"https:\\\/\\\/www.schaukaeserei.ch\\\/de\\\/silvester-in-der-schauchaesi\\\/#breadcrumb\"},\"inLanguage\":\"de\",\"potentialAction\":[{\"@type\":\"ReadAction\",\"target\":[\"https:\\\/\\\/www.schaukaeserei.ch\\\/de\\\/silvester-in-der-schauchaesi\\\/\"]}]},{\"@type\":\"BreadcrumbList\",\"@id\":\"https:\\\/\\\/www.schaukaeserei.ch\\\/de\\\/silvester-in-der-schauchaesi\\\/#breadcrumb\",\"itemListElement\":[{\"@type\":\"ListItem\",\"position\":1,\"name\":\"Startseite\",\"item\":\"https:\\\/\\\/www.schaukaeserei.ch\\\/de\\\/\"},{\"@type\":\"ListItem\",\"position\":2,\"name\":\"Silvester in der Schauch\u00e4si\"}]},{\"@type\":\"WebSite\",\"@id\":\"https:\\\/\\\/www.schaukaeserei.ch\\\/de\\\/#website\",\"url\":\"https:\\\/\\\/www.schaukaeserei.ch\\\/de\\\/\",\"name\":\"Appenzeller Schauk\u00e4serei\",\"description\":\"Entdecken Sie den geheimnisvollen Appenzeller K\u00e4se\",\"potentialAction\":[{\"@type\":\"SearchAction\",\"target\":{\"@type\":\"EntryPoint\",\"urlTemplate\":\"https:\\\/\\\/www.schaukaeserei.ch\\\/de\\\/?s={search_term_string}\"},\"query-input\":{\"@type\":\"PropertyValueSpecification\",\"valueRequired\":true,\"valueName\":\"search_term_string\"}}],\"inLanguage\":\"de\"},{\"@type\":\"Person\",\"@id\":\"https:\\\/\\\/www.schaukaeserei.ch\\\/de\\\/#\\\/schema\\\/person\\\/ac54a4c674e95f577b5617ac8962c6a9\",\"name\":\"Appenzeller Schauk\u00e4serei\",\"image\":{\"@type\":\"ImageObject\",\"inLanguage\":\"de\",\"@id\":\"https:\\\/\\\/secure.gravatar.com\\\/avatar\\\/6fe8364ed5b4ccd9bca9caa6dac45c11fc15ffe4145cbd8cd22b28f05302005e?s=96&d=mm&r=g\",\"url\":\"https:\\\/\\\/secure.gravatar.com\\\/avatar\\\/6fe8364ed5b4ccd9bca9caa6dac45c11fc15ffe4145cbd8cd22b28f05302005e?s=96&d=mm&r=g\",\"contentUrl\":\"https:\\\/\\\/secure.gravatar.com\\\/avatar\\\/6fe8364ed5b4ccd9bca9caa6dac45c11fc15ffe4145cbd8cd22b28f05302005e?s=96&d=mm&r=g\",\"caption\":\"Appenzeller Schauk\u00e4serei\"},\"url\":\"https:\\\/\\\/www.schaukaeserei.ch\\\/de\\\/author\\\/appenzeller\\\/\"}]}<\/script>\n<!-- \/ Yoast SEO plugin. -->","yoast_head_json":{"title":"Silvester in der Schauch\u00e4si &#8211; Appenzeller Schauk\u00e4serei","robots":{"index":"index","follow":"follow","max-snippet":"max-snippet:-1","max-image-preview":"max-image-preview:large","max-video-preview":"max-video-preview:-1"},"canonical":"https:\/\/www.schaukaeserei.ch\/de\/silvester-in-der-schauchaesi\/","og_locale":"de_DE","og_type":"article","og_title":"Silvester in der Schauch\u00e4si &#8211; Appenzeller Schauk\u00e4serei","og_description":"[vc_row][vc_column width=&#8220;1\/1&#8243;][vc_column_text uncode_shortcode_id=&#8220;130065&#8243;]In der Silvesternacht l\u00e4uft es rund in der Schauk\u00e4serei. Das Restaurant bleibt extra bis nach Mitternacht ge\u00f6ffnet, damit [&hellip;]","og_url":"https:\/\/www.schaukaeserei.ch\/de\/silvester-in-der-schauchaesi\/","og_site_name":"Appenzeller Schauk\u00e4serei","article_published_time":"2022-11-24T13:32:34+00:00","article_modified_time":"2022-11-25T09:56:51+00:00","og_image":[{"width":610,"height":202,"url":"https:\/\/www.schaukaeserei.ch\/wp-content\/uploads\/2021\/04\/logo_appenzeller_schaukaeserei@2x.png","type":"image\/png"}],"author":"Appenzeller Schauk\u00e4serei","twitter_card":"summary_large_image","twitter_misc":{"Verfasst von":"Appenzeller Schauk\u00e4serei","Gesch\u00e4tzte Lesezeit":"1\u00a0Minute"},"schema":{"@context":"https:\/\/schema.org","@graph":[{"@type":"Article","@id":"https:\/\/www.schaukaeserei.ch\/de\/silvester-in-der-schauchaesi\/#article","isPartOf":{"@id":"https:\/\/www.schaukaeserei.ch\/de\/silvester-in-der-schauchaesi\/"},"author":{"name":"Appenzeller Schauk\u00e4serei","@id":"https:\/\/www.schaukaeserei.ch\/de\/#\/schema\/person\/ac54a4c674e95f577b5617ac8962c6a9"},"headline":"Silvester in der Schauch\u00e4si","datePublished":"2022-11-24T13:32:34+00:00","dateModified":"2022-11-25T09:56:51+00:00","mainEntityOfPage":{"@id":"https:\/\/www.schaukaeserei.ch\/de\/silvester-in-der-schauchaesi\/"},"wordCount":156,"articleSection":["Medien","News &amp; Events","Unkategorisiert"],"inLanguage":"de"},{"@type":"WebPage","@id":"https:\/\/www.schaukaeserei.ch\/de\/silvester-in-der-schauchaesi\/","url":"https:\/\/www.schaukaeserei.ch\/de\/silvester-in-der-schauchaesi\/","name":"Silvester in der Schauch\u00e4si &#8211; Appenzeller Schauk\u00e4serei","isPartOf":{"@id":"https:\/\/www.schaukaeserei.ch\/de\/#website"},"datePublished":"2022-11-24T13:32:34+00:00","dateModified":"2022-11-25T09:56:51+00:00","author":{"@id":"https:\/\/www.schaukaeserei.ch\/de\/#\/schema\/person\/ac54a4c674e95f577b5617ac8962c6a9"},"breadcrumb":{"@id":"https:\/\/www.schaukaeserei.ch\/de\/silvester-in-der-schauchaesi\/#breadcrumb"},"inLanguage":"de","potentialAction":[{"@type":"ReadAction","target":["https:\/\/www.schaukaeserei.ch\/de\/silvester-in-der-schauchaesi\/"]}]},{"@type":"BreadcrumbList","@id":"https:\/\/www.schaukaeserei.ch\/de\/silvester-in-der-schauchaesi\/#breadcrumb","itemListElement":[{"@type":"ListItem","position":1,"name":"Startseite","item":"https:\/\/www.schaukaeserei.ch\/de\/"},{"@type":"ListItem","position":2,"name":"Silvester in der Schauch\u00e4si"}]},{"@type":"WebSite","@id":"https:\/\/www.schaukaeserei.ch\/de\/#website","url":"https:\/\/www.schaukaeserei.ch\/de\/","name":"Appenzeller Schauk\u00e4serei","description":"Entdecken Sie den geheimnisvollen Appenzeller K\u00e4se","potentialAction":[{"@type":"SearchAction","target":{"@type":"EntryPoint","urlTemplate":"https:\/\/www.schaukaeserei.ch\/de\/?s={search_term_string}"},"query-input":{"@type":"PropertyValueSpecification","valueRequired":true,"valueName":"search_term_string"}}],"inLanguage":"de"},{"@type":"Person","@id":"https:\/\/www.schaukaeserei.ch\/de\/#\/schema\/person\/ac54a4c674e95f577b5617ac8962c6a9","name":"Appenzeller Schauk\u00e4serei","image":{"@type":"ImageObject","inLanguage":"de","@id":"https:\/\/secure.gravatar.com\/avatar\/6fe8364ed5b4ccd9bca9caa6dac45c11fc15ffe4145cbd8cd22b28f05302005e?s=96&d=mm&r=g","url":"https:\/\/secure.gravatar.com\/avatar\/6fe8364ed5b4ccd9bca9caa6dac45c11fc15ffe4145cbd8cd22b28f05302005e?s=96&d=mm&r=g","contentUrl":"https:\/\/secure.gravatar.com\/avatar\/6fe8364ed5b4ccd9bca9caa6dac45c11fc15ffe4145cbd8cd22b28f05302005e?s=96&d=mm&r=g","caption":"Appenzeller Schauk\u00e4serei"},"url":"https:\/\/www.schaukaeserei.ch\/de\/author\/appenzeller\/"}]}},"publishpress_future_action":{"enabled":false,"date":"2026-05-08 18:17:24","action":"change-status","newStatus":"draft","terms":[],"taxonomy":"category","extraData":[]},"publishpress_future_workflow_manual_trigger":{"enabledWorkflows":[]},"_links":{"self":[{"href":"https:\/\/www.schaukaeserei.ch\/de\/wp-json\/wp\/v2\/posts\/5562","targetHints":{"allow":["GET"]}}],"collection":[{"href":"https:\/\/www.schaukaeserei.ch\/de\/wp-json\/wp\/v2\/posts"}],"about":[{"href":"https:\/\/www.schaukaeserei.ch\/de\/wp-json\/wp\/v2\/types\/post"}],"author":[{"embeddable":true,"href":"https:\/\/www.schaukaeserei.ch\/de\/wp-json\/wp\/v2\/users\/3"}],"replies":[{"embeddable":true,"href":"https:\/\/www.schaukaeserei.ch\/de\/wp-json\/wp\/v2\/comments?post=5562"}],"version-history":[{"count":9,"href":"https:\/\/www.schaukaeserei.ch\/de\/wp-json\/wp\/v2\/posts\/5562\/revisions"}],"predecessor-version":[{"id":5577,"href":"https:\/\/www.schaukaeserei.ch\/de\/wp-json\/wp\/v2\/posts\/5562\/revisions\/5577"}],"wp:attachment":[{"href":"https:\/\/www.schaukaeserei.ch\/de\/wp-json\/wp\/v2\/media?parent=5562"}],"wp:term":[{"taxonomy":"category","embeddable":true,"href":"https:\/\/www.schaukaeserei.ch\/de\/wp-json\/wp\/v2\/categories?post=5562"},{"taxonomy":"post_tag","embeddable":true,"href":"https:\/\/www.schaukaeserei.ch\/de\/wp-json\/wp\/v2\/tags?post=5562"}],"curies":[{"name":"wp","href":"https:\/\/api.w.org\/{rel}","templated":true}]}}