{"id":7912,"date":"2024-05-02T14:28:38","date_gmt":"2024-05-02T12:28:38","guid":{"rendered":"https:\/\/www.schaukaeserei.ch\/?p=7912"},"modified":"2024-05-02T14:28:38","modified_gmt":"2024-05-02T12:28:38","slug":"die-schauchaesi-ist-fuer-den-swiss-location-award-nominiert-2","status":"publish","type":"post","link":"https:\/\/www.schaukaeserei.ch\/de\/die-schauchaesi-ist-fuer-den-swiss-location-award-nominiert-2\/","title":{"rendered":"Die Schauch\u00e4si ist f\u00fcr den Swiss Location Award nominiert!"},"content":{"rendered":"<p><strong>Freude herrscht: Appenzeller\u00ae Schauk\u00e4serei ist f\u00fcr den Swiss Location Award 2024 nominiert.<\/strong><\/p>\n<p>Die Location wurde von Veranstalter\/innen, Besucher\/innen und\/oder eventlokale.ch, dem gr\u00f6ssten Eventportal der Schweiz, f\u00fcr den Swiss Location Award 2024 nominiert.<\/p>\n<p>Vom 1. \u2013 31. Mai k\u00f6nnen Veranstalter\/innen, Eventprofis, Besucher\/innen und G\u00e4ste die Appenzeller\u00ae Schauk\u00e4serei auf eventlokale.ch bewerten und uns so zu einer der begehrten Award-Auszeichnungen verhelfen.<\/p>\n<p>Bewerten Sie uns mit einem Klick auf den folgenden Button. Wir bedanken uns herzlich f\u00fcr Ihre Unterst\u00fctzung!<\/p>\n<p>&nbsp;<\/p>\n<p><a href=\"https:\/\/eventlokale.ch\/42617\/sla\"><img decoding=\"async\" class=\"alignnone size-medium wp-image-7903\" src=\"https:\/\/www.schaukaeserei.ch\/wp-content\/uploads\/2023\/05\/Voting-Batch-DE-300x300.png\" alt=\"\" width=\"300\" height=\"300\" srcset=\"https:\/\/www.schaukaeserei.ch\/wp-content\/uploads\/2023\/05\/Voting-Batch-DE-300x300.png 300w, https:\/\/www.schaukaeserei.ch\/wp-content\/uploads\/2023\/05\/Voting-Batch-DE-1024x1024.png 1024w, https:\/\/www.schaukaeserei.ch\/wp-content\/uploads\/2023\/05\/Voting-Batch-DE-150x150.png 150w, https:\/\/www.schaukaeserei.ch\/wp-content\/uploads\/2023\/05\/Voting-Batch-DE-768x768.png 768w, https:\/\/www.schaukaeserei.ch\/wp-content\/uploads\/2023\/05\/Voting-Batch-DE-350x350.png 350w, https:\/\/www.schaukaeserei.ch\/wp-content\/uploads\/2023\/05\/Voting-Batch-DE-348x348.png 348w, https:\/\/www.schaukaeserei.ch\/wp-content\/uploads\/2023\/05\/Voting-Batch-DE-600x600.png 600w, https:\/\/www.schaukaeserei.ch\/wp-content\/uploads\/2023\/05\/Voting-Batch-DE-100x100.png 100w, https:\/\/www.schaukaeserei.ch\/wp-content\/uploads\/2023\/05\/Voting-Batch-DE-uai-720x720.png 720w, https:\/\/www.schaukaeserei.ch\/wp-content\/uploads\/2023\/05\/Voting-Batch-DE.png 1384w\" sizes=\"(max-width: 300px) 100vw, 300px\" \/><\/a><\/p>\n","protected":false},"excerpt":{"rendered":"<p>Freude herrscht: Appenzeller\u00ae Schauk\u00e4serei ist f\u00fcr den Swiss Location Award 2024 nominiert. Die Location wurde von Veranstalter\/innen, Besucher\/innen und\/oder eventlokale.ch, [&hellip;]<\/p>\n","protected":false},"author":3,"featured_media":0,"comment_status":"closed","ping_status":"closed","sticky":false,"template":"","format":"standard","meta":{"footnotes":"","_links_to":"","_links_to_target":""},"categories":[27,10],"tags":[],"class_list":["post-7912","post","type-post","status-publish","format-standard","hentry","category-medien-2","category-news-events"],"yoast_head":"<!-- This site is optimized with the Yoast SEO plugin v27.4 - https:\/\/yoast.com\/product\/yoast-seo-wordpress\/ -->\n<title>Die Schauch\u00e4si ist f\u00fcr den Swiss Location Award nominiert! &#8211; Appenzeller Schauk\u00e4serei<\/title>\n<meta name=\"robots\" content=\"index, follow, max-snippet:-1, max-image-preview:large, max-video-preview:-1\" \/>\n<link rel=\"canonical\" href=\"https:\/\/www.schaukaeserei.ch\/de\/die-schauchaesi-ist-fuer-den-swiss-location-award-nominiert-2\/\" \/>\n<meta property=\"og:locale\" content=\"de_DE\" \/>\n<meta property=\"og:type\" content=\"article\" \/>\n<meta property=\"og:title\" content=\"Die Schauch\u00e4si ist f\u00fcr den Swiss Location Award nominiert! &#8211; Appenzeller Schauk\u00e4serei\" \/>\n<meta property=\"og:description\" content=\"Freude herrscht: Appenzeller\u00ae Schauk\u00e4serei ist f\u00fcr den Swiss Location Award 2024 nominiert. Die Location wurde von Veranstalter\/innen, Besucher\/innen und\/oder eventlokale.ch, [&hellip;]\" \/>\n<meta property=\"og:url\" content=\"https:\/\/www.schaukaeserei.ch\/de\/die-schauchaesi-ist-fuer-den-swiss-location-award-nominiert-2\/\" \/>\n<meta property=\"og:site_name\" content=\"Appenzeller Schauk\u00e4serei\" \/>\n<meta property=\"article:published_time\" content=\"2024-05-02T12:28:38+00:00\" \/>\n<meta property=\"og:image\" content=\"https:\/\/www.schaukaeserei.ch\/wp-content\/uploads\/2023\/05\/Voting-Batch-DE-300x300.png\" \/>\n<meta name=\"author\" content=\"Appenzeller Schauk\u00e4serei\" \/>\n<meta name=\"twitter:card\" content=\"summary_large_image\" \/>\n<meta name=\"twitter:label1\" content=\"Verfasst von\" \/>\n\t<meta name=\"twitter:data1\" content=\"Appenzeller Schauk\u00e4serei\" \/>\n\t<meta name=\"twitter:label2\" content=\"Gesch\u00e4tzte Lesezeit\" \/>\n\t<meta name=\"twitter:data2\" content=\"1\u00a0Minute\" \/>\n<script type=\"application\/ld+json\" class=\"yoast-schema-graph\">{\"@context\":\"https:\\\/\\\/schema.org\",\"@graph\":[{\"@type\":\"Article\",\"@id\":\"https:\\\/\\\/www.schaukaeserei.ch\\\/de\\\/die-schauchaesi-ist-fuer-den-swiss-location-award-nominiert-2\\\/#article\",\"isPartOf\":{\"@id\":\"https:\\\/\\\/www.schaukaeserei.ch\\\/de\\\/die-schauchaesi-ist-fuer-den-swiss-location-award-nominiert-2\\\/\"},\"author\":{\"name\":\"Appenzeller Schauk\u00e4serei\",\"@id\":\"https:\\\/\\\/www.schaukaeserei.ch\\\/de\\\/#\\\/schema\\\/person\\\/ac54a4c674e95f577b5617ac8962c6a9\"},\"headline\":\"Die Schauch\u00e4si ist f\u00fcr den Swiss Location Award nominiert!\",\"datePublished\":\"2024-05-02T12:28:38+00:00\",\"mainEntityOfPage\":{\"@id\":\"https:\\\/\\\/www.schaukaeserei.ch\\\/de\\\/die-schauchaesi-ist-fuer-den-swiss-location-award-nominiert-2\\\/\"},\"wordCount\":98,\"image\":{\"@id\":\"https:\\\/\\\/www.schaukaeserei.ch\\\/de\\\/die-schauchaesi-ist-fuer-den-swiss-location-award-nominiert-2\\\/#primaryimage\"},\"thumbnailUrl\":\"https:\\\/\\\/www.schaukaeserei.ch\\\/wp-content\\\/uploads\\\/2023\\\/05\\\/Voting-Batch-DE-300x300.png\",\"articleSection\":[\"Medien\",\"News &amp; Events\"],\"inLanguage\":\"de\"},{\"@type\":\"WebPage\",\"@id\":\"https:\\\/\\\/www.schaukaeserei.ch\\\/de\\\/die-schauchaesi-ist-fuer-den-swiss-location-award-nominiert-2\\\/\",\"url\":\"https:\\\/\\\/www.schaukaeserei.ch\\\/de\\\/die-schauchaesi-ist-fuer-den-swiss-location-award-nominiert-2\\\/\",\"name\":\"Die Schauch\u00e4si ist f\u00fcr den Swiss Location Award nominiert! &#8211; Appenzeller Schauk\u00e4serei\",\"isPartOf\":{\"@id\":\"https:\\\/\\\/www.schaukaeserei.ch\\\/de\\\/#website\"},\"primaryImageOfPage\":{\"@id\":\"https:\\\/\\\/www.schaukaeserei.ch\\\/de\\\/die-schauchaesi-ist-fuer-den-swiss-location-award-nominiert-2\\\/#primaryimage\"},\"image\":{\"@id\":\"https:\\\/\\\/www.schaukaeserei.ch\\\/de\\\/die-schauchaesi-ist-fuer-den-swiss-location-award-nominiert-2\\\/#primaryimage\"},\"thumbnailUrl\":\"https:\\\/\\\/www.schaukaeserei.ch\\\/wp-content\\\/uploads\\\/2023\\\/05\\\/Voting-Batch-DE-300x300.png\",\"datePublished\":\"2024-05-02T12:28:38+00:00\",\"author\":{\"@id\":\"https:\\\/\\\/www.schaukaeserei.ch\\\/de\\\/#\\\/schema\\\/person\\\/ac54a4c674e95f577b5617ac8962c6a9\"},\"breadcrumb\":{\"@id\":\"https:\\\/\\\/www.schaukaeserei.ch\\\/de\\\/die-schauchaesi-ist-fuer-den-swiss-location-award-nominiert-2\\\/#breadcrumb\"},\"inLanguage\":\"de\",\"potentialAction\":[{\"@type\":\"ReadAction\",\"target\":[\"https:\\\/\\\/www.schaukaeserei.ch\\\/de\\\/die-schauchaesi-ist-fuer-den-swiss-location-award-nominiert-2\\\/\"]}]},{\"@type\":\"ImageObject\",\"inLanguage\":\"de\",\"@id\":\"https:\\\/\\\/www.schaukaeserei.ch\\\/de\\\/die-schauchaesi-ist-fuer-den-swiss-location-award-nominiert-2\\\/#primaryimage\",\"url\":\"https:\\\/\\\/www.schaukaeserei.ch\\\/wp-content\\\/uploads\\\/2023\\\/05\\\/Voting-Batch-DE-300x300.png\",\"contentUrl\":\"https:\\\/\\\/www.schaukaeserei.ch\\\/wp-content\\\/uploads\\\/2023\\\/05\\\/Voting-Batch-DE-300x300.png\"},{\"@type\":\"BreadcrumbList\",\"@id\":\"https:\\\/\\\/www.schaukaeserei.ch\\\/de\\\/die-schauchaesi-ist-fuer-den-swiss-location-award-nominiert-2\\\/#breadcrumb\",\"itemListElement\":[{\"@type\":\"ListItem\",\"position\":1,\"name\":\"Startseite\",\"item\":\"https:\\\/\\\/www.schaukaeserei.ch\\\/de\\\/\"},{\"@type\":\"ListItem\",\"position\":2,\"name\":\"Die Schauch\u00e4si ist f\u00fcr den Swiss Location Award nominiert!\"}]},{\"@type\":\"WebSite\",\"@id\":\"https:\\\/\\\/www.schaukaeserei.ch\\\/de\\\/#website\",\"url\":\"https:\\\/\\\/www.schaukaeserei.ch\\\/de\\\/\",\"name\":\"Appenzeller Schauk\u00e4serei\",\"description\":\"Entdecken Sie den geheimnisvollen Appenzeller K\u00e4se\",\"potentialAction\":[{\"@type\":\"SearchAction\",\"target\":{\"@type\":\"EntryPoint\",\"urlTemplate\":\"https:\\\/\\\/www.schaukaeserei.ch\\\/de\\\/?s={search_term_string}\"},\"query-input\":{\"@type\":\"PropertyValueSpecification\",\"valueRequired\":true,\"valueName\":\"search_term_string\"}}],\"inLanguage\":\"de\"},{\"@type\":\"Person\",\"@id\":\"https:\\\/\\\/www.schaukaeserei.ch\\\/de\\\/#\\\/schema\\\/person\\\/ac54a4c674e95f577b5617ac8962c6a9\",\"name\":\"Appenzeller Schauk\u00e4serei\",\"image\":{\"@type\":\"ImageObject\",\"inLanguage\":\"de\",\"@id\":\"https:\\\/\\\/secure.gravatar.com\\\/avatar\\\/6fe8364ed5b4ccd9bca9caa6dac45c11fc15ffe4145cbd8cd22b28f05302005e?s=96&d=mm&r=g\",\"url\":\"https:\\\/\\\/secure.gravatar.com\\\/avatar\\\/6fe8364ed5b4ccd9bca9caa6dac45c11fc15ffe4145cbd8cd22b28f05302005e?s=96&d=mm&r=g\",\"contentUrl\":\"https:\\\/\\\/secure.gravatar.com\\\/avatar\\\/6fe8364ed5b4ccd9bca9caa6dac45c11fc15ffe4145cbd8cd22b28f05302005e?s=96&d=mm&r=g\",\"caption\":\"Appenzeller Schauk\u00e4serei\"},\"url\":\"https:\\\/\\\/www.schaukaeserei.ch\\\/de\\\/author\\\/appenzeller\\\/\"}]}<\/script>\n<!-- \/ Yoast SEO plugin. -->","yoast_head_json":{"title":"Die Schauch\u00e4si ist f\u00fcr den Swiss Location Award nominiert! &#8211; Appenzeller Schauk\u00e4serei","robots":{"index":"index","follow":"follow","max-snippet":"max-snippet:-1","max-image-preview":"max-image-preview:large","max-video-preview":"max-video-preview:-1"},"canonical":"https:\/\/www.schaukaeserei.ch\/de\/die-schauchaesi-ist-fuer-den-swiss-location-award-nominiert-2\/","og_locale":"de_DE","og_type":"article","og_title":"Die Schauch\u00e4si ist f\u00fcr den Swiss Location Award nominiert! &#8211; Appenzeller Schauk\u00e4serei","og_description":"Freude herrscht: Appenzeller\u00ae Schauk\u00e4serei ist f\u00fcr den Swiss Location Award 2024 nominiert. Die Location wurde von Veranstalter\/innen, Besucher\/innen und\/oder eventlokale.ch, [&hellip;]","og_url":"https:\/\/www.schaukaeserei.ch\/de\/die-schauchaesi-ist-fuer-den-swiss-location-award-nominiert-2\/","og_site_name":"Appenzeller Schauk\u00e4serei","article_published_time":"2024-05-02T12:28:38+00:00","og_image":[{"url":"https:\/\/www.schaukaeserei.ch\/wp-content\/uploads\/2023\/05\/Voting-Batch-DE-300x300.png","type":"","width":"","height":""}],"author":"Appenzeller Schauk\u00e4serei","twitter_card":"summary_large_image","twitter_misc":{"Verfasst von":"Appenzeller Schauk\u00e4serei","Gesch\u00e4tzte Lesezeit":"1\u00a0Minute"},"schema":{"@context":"https:\/\/schema.org","@graph":[{"@type":"Article","@id":"https:\/\/www.schaukaeserei.ch\/de\/die-schauchaesi-ist-fuer-den-swiss-location-award-nominiert-2\/#article","isPartOf":{"@id":"https:\/\/www.schaukaeserei.ch\/de\/die-schauchaesi-ist-fuer-den-swiss-location-award-nominiert-2\/"},"author":{"name":"Appenzeller Schauk\u00e4serei","@id":"https:\/\/www.schaukaeserei.ch\/de\/#\/schema\/person\/ac54a4c674e95f577b5617ac8962c6a9"},"headline":"Die Schauch\u00e4si ist f\u00fcr den Swiss Location Award nominiert!","datePublished":"2024-05-02T12:28:38+00:00","mainEntityOfPage":{"@id":"https:\/\/www.schaukaeserei.ch\/de\/die-schauchaesi-ist-fuer-den-swiss-location-award-nominiert-2\/"},"wordCount":98,"image":{"@id":"https:\/\/www.schaukaeserei.ch\/de\/die-schauchaesi-ist-fuer-den-swiss-location-award-nominiert-2\/#primaryimage"},"thumbnailUrl":"https:\/\/www.schaukaeserei.ch\/wp-content\/uploads\/2023\/05\/Voting-Batch-DE-300x300.png","articleSection":["Medien","News &amp; Events"],"inLanguage":"de"},{"@type":"WebPage","@id":"https:\/\/www.schaukaeserei.ch\/de\/die-schauchaesi-ist-fuer-den-swiss-location-award-nominiert-2\/","url":"https:\/\/www.schaukaeserei.ch\/de\/die-schauchaesi-ist-fuer-den-swiss-location-award-nominiert-2\/","name":"Die Schauch\u00e4si ist f\u00fcr den Swiss Location Award nominiert! &#8211; Appenzeller Schauk\u00e4serei","isPartOf":{"@id":"https:\/\/www.schaukaeserei.ch\/de\/#website"},"primaryImageOfPage":{"@id":"https:\/\/www.schaukaeserei.ch\/de\/die-schauchaesi-ist-fuer-den-swiss-location-award-nominiert-2\/#primaryimage"},"image":{"@id":"https:\/\/www.schaukaeserei.ch\/de\/die-schauchaesi-ist-fuer-den-swiss-location-award-nominiert-2\/#primaryimage"},"thumbnailUrl":"https:\/\/www.schaukaeserei.ch\/wp-content\/uploads\/2023\/05\/Voting-Batch-DE-300x300.png","datePublished":"2024-05-02T12:28:38+00:00","author":{"@id":"https:\/\/www.schaukaeserei.ch\/de\/#\/schema\/person\/ac54a4c674e95f577b5617ac8962c6a9"},"breadcrumb":{"@id":"https:\/\/www.schaukaeserei.ch\/de\/die-schauchaesi-ist-fuer-den-swiss-location-award-nominiert-2\/#breadcrumb"},"inLanguage":"de","potentialAction":[{"@type":"ReadAction","target":["https:\/\/www.schaukaeserei.ch\/de\/die-schauchaesi-ist-fuer-den-swiss-location-award-nominiert-2\/"]}]},{"@type":"ImageObject","inLanguage":"de","@id":"https:\/\/www.schaukaeserei.ch\/de\/die-schauchaesi-ist-fuer-den-swiss-location-award-nominiert-2\/#primaryimage","url":"https:\/\/www.schaukaeserei.ch\/wp-content\/uploads\/2023\/05\/Voting-Batch-DE-300x300.png","contentUrl":"https:\/\/www.schaukaeserei.ch\/wp-content\/uploads\/2023\/05\/Voting-Batch-DE-300x300.png"},{"@type":"BreadcrumbList","@id":"https:\/\/www.schaukaeserei.ch\/de\/die-schauchaesi-ist-fuer-den-swiss-location-award-nominiert-2\/#breadcrumb","itemListElement":[{"@type":"ListItem","position":1,"name":"Startseite","item":"https:\/\/www.schaukaeserei.ch\/de\/"},{"@type":"ListItem","position":2,"name":"Die Schauch\u00e4si ist f\u00fcr den Swiss Location Award nominiert!"}]},{"@type":"WebSite","@id":"https:\/\/www.schaukaeserei.ch\/de\/#website","url":"https:\/\/www.schaukaeserei.ch\/de\/","name":"Appenzeller Schauk\u00e4serei","description":"Entdecken Sie den geheimnisvollen Appenzeller K\u00e4se","potentialAction":[{"@type":"SearchAction","target":{"@type":"EntryPoint","urlTemplate":"https:\/\/www.schaukaeserei.ch\/de\/?s={search_term_string}"},"query-input":{"@type":"PropertyValueSpecification","valueRequired":true,"valueName":"search_term_string"}}],"inLanguage":"de"},{"@type":"Person","@id":"https:\/\/www.schaukaeserei.ch\/de\/#\/schema\/person\/ac54a4c674e95f577b5617ac8962c6a9","name":"Appenzeller Schauk\u00e4serei","image":{"@type":"ImageObject","inLanguage":"de","@id":"https:\/\/secure.gravatar.com\/avatar\/6fe8364ed5b4ccd9bca9caa6dac45c11fc15ffe4145cbd8cd22b28f05302005e?s=96&d=mm&r=g","url":"https:\/\/secure.gravatar.com\/avatar\/6fe8364ed5b4ccd9bca9caa6dac45c11fc15ffe4145cbd8cd22b28f05302005e?s=96&d=mm&r=g","contentUrl":"https:\/\/secure.gravatar.com\/avatar\/6fe8364ed5b4ccd9bca9caa6dac45c11fc15ffe4145cbd8cd22b28f05302005e?s=96&d=mm&r=g","caption":"Appenzeller Schauk\u00e4serei"},"url":"https:\/\/www.schaukaeserei.ch\/de\/author\/appenzeller\/"}]}},"publishpress_future_action":{"enabled":false,"date":"2026-05-07 02:38:36","action":"change-status","newStatus":"draft","terms":[],"taxonomy":"category","extraData":[]},"publishpress_future_workflow_manual_trigger":{"enabledWorkflows":[]},"_links":{"self":[{"href":"https:\/\/www.schaukaeserei.ch\/de\/wp-json\/wp\/v2\/posts\/7912","targetHints":{"allow":["GET"]}}],"collection":[{"href":"https:\/\/www.schaukaeserei.ch\/de\/wp-json\/wp\/v2\/posts"}],"about":[{"href":"https:\/\/www.schaukaeserei.ch\/de\/wp-json\/wp\/v2\/types\/post"}],"author":[{"embeddable":true,"href":"https:\/\/www.schaukaeserei.ch\/de\/wp-json\/wp\/v2\/users\/3"}],"replies":[{"embeddable":true,"href":"https:\/\/www.schaukaeserei.ch\/de\/wp-json\/wp\/v2\/comments?post=7912"}],"version-history":[{"count":1,"href":"https:\/\/www.schaukaeserei.ch\/de\/wp-json\/wp\/v2\/posts\/7912\/revisions"}],"predecessor-version":[{"id":7913,"href":"https:\/\/www.schaukaeserei.ch\/de\/wp-json\/wp\/v2\/posts\/7912\/revisions\/7913"}],"wp:attachment":[{"href":"https:\/\/www.schaukaeserei.ch\/de\/wp-json\/wp\/v2\/media?parent=7912"}],"wp:term":[{"taxonomy":"category","embeddable":true,"href":"https:\/\/www.schaukaeserei.ch\/de\/wp-json\/wp\/v2\/categories?post=7912"},{"taxonomy":"post_tag","embeddable":true,"href":"https:\/\/www.schaukaeserei.ch\/de\/wp-json\/wp\/v2\/tags?post=7912"}],"curies":[{"name":"wp","href":"https:\/\/api.w.org\/{rel}","templated":true}]}}