{"id":8299,"date":"2024-09-03T11:02:33","date_gmt":"2024-09-03T09:02:33","guid":{"rendered":"https:\/\/www.schaukaeserei.ch\/?p=8299"},"modified":"2024-08-19T11:05:52","modified_gmt":"2024-08-19T09:05:52","slug":"geheimnistraegerin-und-botschafterin-der-ostschweizer-milchwirtschaft","status":"publish","type":"post","link":"https:\/\/www.schaukaeserei.ch\/de\/geheimnistraegerin-und-botschafterin-der-ostschweizer-milchwirtschaft\/","title":{"rendered":"Geheimnistr\u00e4gerin und Botschafterin der Ostschweizer Milchwirtschaft"},"content":{"rendered":"<p><strong>Seit bald 50 Jahren k\u00f6nnen Besucherinnen und Besucher in der Appenzeller<sup>\u00ae<\/sup> Schauk\u00e4serei in Stein an 364 Tagen im Jahr die faszinierende Kunst der Appenzeller<sup>\u00ae<\/sup> K\u00e4seherstellung hautnah miterleben.<\/strong><\/p>\n<p>J\u00e4hrlich reisen G\u00e4ste aus aller Welt, in das idyllisch Dorf Stein im Appenzeller Hinterland, um dem w\u00fcrzigen Geheimnis auf die Spur zu kommen.<\/p>\n<p><strong>Von der Idee\u2026<\/strong><\/p>\n<p>Die Initiative zur Gr\u00fcndung der Schauk\u00e4serei ging vom Milchverband St. Gallen-Appenzell, heute Vereinigte Milchbauern Mitte-Ost (VMMO), sowie lokalen Milchwirtschaftsbetrieben aus. Gemeinsam mit der Sortenorganisation Appenzeller<strong><sup>\u00ae<\/sup><\/strong> K\u00e4se wurde Stein, dank der Umstellungsbereitschaft der Betriebe auf silofreie Milchproduktion, als optimaler Standort ausgew\u00e4hlt.<\/p>\n<p>Die K\u00e4serei soll nicht nur Markenbotschafterin f\u00fcr Appenzeller<strong><sup>\u00ae<\/sup><\/strong> K\u00e4se sein, sondern auch als Imagetr\u00e4gerin f\u00fcr die Schweizer Milchproduktion dienen und dem stetig wachsenden Anteil landwirtschaftsfernen Bev\u00f6lkerung einen Einblick in die Land- und Lebensmittelwirtschaft gew\u00e4hren. Heute z\u00e4hlt die Schauk\u00e4serei zu den Top-Ausflugszielen in der Ostschweiz.<\/p>\n<p><strong>\u2026zur Er\u00f6ffnung\u00a0 <\/strong><\/p>\n<p>In den ersten Jahren nach der Er\u00f6ffnung im November 1977, fanden haupts\u00e4chlich Besucher aus der Schweiz, S\u00fcddeutschland und Vorarlberg den Weg in die Schauk\u00e4serei. Ein halbes Jahrhundert sp\u00e4ter begr\u00fcssen Schauch\u00e4si-Gesch\u00e4ftsf\u00fchrer Ralph B\u00f6se und sein Team, G\u00e4ste aus aller Welt. \u00dcber das Smartphone l\u00e4sst sich die Erlebnisausstellung in acht verschiedenen Sprachen, darunter Koreanisch und Portugiesisch, abrufen. Trotz der ganzen Internationalisierung ist es der Schauk\u00e4serei gelungen, dass sie nicht zu einer Art \u00abDisneyland\u00bb des Appenzellerlands mit Massenabfertigung und kitschigen Souvenirartikeln wurde. Ganz im Gegenteil: Die Schauk\u00e4serei versteht sich als ein Ort, an dem Gastfreundschaft, Tradition, Werte und Handwerk auf eine authentische Art und Weise erlebbar werden.<\/p>\n<p>F\u00fcr die VMMO, die die Schauk\u00e4serei ins Leben gerufen hat, ist es wichtig, dass die angeschlossenen Milchproduzentinnen und Milchproduzenten die M\u00f6glichkeit erhalten, die nachhaltigkeitsorientierte Veredelung von hochwertiger, lokal produzierter Milch einer breiten \u00d6ffentlichkeit zu pr\u00e4sentieren. Hierzu ist insbesondere das Markenprodukt Appenzeller<sup>\u00ae<\/sup> K\u00e4se bestens geeignet.<\/p>\n<p><strong>Genussmomente im Herzen der Ostschweiz<\/strong><\/p>\n<p>Die Faszination der ASK l\u00e4sst sich auch mit beeindruckenden Zahlen belegen, im vergangenen Jahr fanden rund 220\u2019000 Besucher den Weg nach Stein. Ein Besuch in der Appenzeller<strong><sup>\u00ae<\/sup><\/strong> Schauk\u00e4serei l\u00e4sst sich ideal mit anderen Attraktionen in der Region verbinden. Unter anderem mit dem h\u00f6chsten Punkt der Ostschweiz, dem S\u00e4ntisgipfel, und feinster Schokolade aus der Gl\u00fccksfabrik von Munz und Minor. Auch der zum UNESCO-Weltkulturerbe geh\u00f6rende Stiftsbezirk St. Gallen, die Kr\u00e4uterwelt von Appenzeller Alpenbitter, das Besucherzentrum Brauqu\u00f6ll der Brauerei Locher sowie die aussichtsreichen Gipfel des Alpsteins sind in k\u00fcrzester Zeit erreichbar.<\/p>\n<p>Und nat\u00fcrlich: Bewegungsmenschen erleben genussvolle Momente auf verschiedenen Wanderwegen und im Sattel auf der \u00abHerzroute\u00bb, die direkt an der Schauk\u00e4serei vorbeif\u00fchrt.<\/p>\n<p>In der Appenzeller<strong><sup>\u00ae<\/sup><\/strong> Schauk\u00e4serei gibt es weit mehr zu erleben als \u00abnur\u00bb dem K\u00e4ser bei der Arbeit \u00fcber die Schultern zu schauen. Erlebnisangebot f\u00fcr Gruppen wie selber Frischk\u00e4sen oder die Besichtigung des Bio-Bauernhofs mit anschliessender F\u00fchrung in der Schauk\u00e4serei. Auf der Gartenterrasse oder im Schauch\u00e4si-Restaurant lassen sich durchgehend warme Speisen oder k\u00fchle Erfrischungen geniessen. Die kleinen G\u00e4ste toben sich auf dem Spielplatz aus und im Shop finden sich nebst dem Vollsortiment Appenzeller K\u00e4se an der grossen K\u00e4se-Frischetheke auch weitere regionale Spezialit\u00e4ten.<\/p>\n<p><strong>Regional und k\u00f6niglich<\/strong><\/p>\n<p>Die Appenzeller<strong><sup>\u00ae<\/sup><\/strong> Schauk\u00e4serei ist \u00abCulinarium regio.garantie\u00bb \u00a0zertifiziert. Diese Auszeichnung erhalten nur Gastronomiebetriebe, die regionaltypische Gerichte mit einem Anteil von mindestens 60% der Rohstoffe aus der Region beziehen. Im Jahr 2022 wurde die Schauk\u00e4serei von einer Fachjury gar zum Culinarium-K\u00f6nig gek\u00fcrt. Es \u00fcberrascht daher nicht, dass die Appenzeller<strong><sup>\u00ae<\/sup><\/strong> Schauk\u00e4serei auch in das Nachhaltigkeitsprogramm &#8222;Swisstainable&#8220; von Schweiz Tourismus auf Level 2 \u00abengaged\u00bb aufgenommen wurde.<\/p>\n<p><strong>Weiterentwicklung des Besucherzentrums <\/strong><\/p>\n<p>Die Milchverb\u00e4nde und Hauptaktion\u00e4re setzten sich gemeinsam daf\u00fcr ein, dass die Appenzeller<sup>\u00ae<\/sup> Schauk\u00e4serei auch in Zukunft eine attraktive Botschafterin f\u00fcr Schweizer Milchwirtschaftsbetriebe und deren veredelte Milch bleibt.<\/p>\n<p>Die Appenzeller<strong><sup>\u00ae<\/sup><\/strong> Schauk\u00e4serei wird sich in den n\u00e4chsten Jahren grundlegend modernisieren und weiterentwickeln. Das ambitionierte Ziel besteht darin, die Marke Appenzeller<sup>\u00ae<\/sup> K\u00e4se und ihre Werte weiter zu st\u00e4rken, in Bezug auf eine nachhaltige Schweizer Landwirtschaft eine kommunikative Vorreiterrolle einzunehmen und sich auch als kulturtouristischer Knotenpunkt in der Ostschweiz zu weiter zu entwickeln.<\/p>\n<p>Ideal daf\u00fcr ist sicher die authentische Lage der d\u00f6rflichen Schauk\u00e4serei in Stein AR mit direkter Nachbarschaft zu den liefernden Milchproduktionsbetrieben, darunter auch viele Bio-Betriebe.<\/p>\n<p>N\u00e4her am Ursprung, der Tradition und dem w\u00fcrzigsten K\u00e4se der Schweiz geht fast nicht.<\/p>\n","protected":false},"excerpt":{"rendered":"<p>Seit bald 50 Jahren k\u00f6nnen Besucherinnen und Besucher in der Appenzeller\u00ae Schauk\u00e4serei in Stein an 364 Tagen im Jahr die [&hellip;]<\/p>\n","protected":false},"author":3,"featured_media":0,"comment_status":"closed","ping_status":"closed","sticky":false,"template":"","format":"standard","meta":{"footnotes":"","_links_to":"","_links_to_target":""},"categories":[27,10],"tags":[],"class_list":["post-8299","post","type-post","status-publish","format-standard","hentry","category-medien-2","category-news-events"],"yoast_head":"<!-- This site is optimized with the Yoast SEO plugin v27.4 - https:\/\/yoast.com\/product\/yoast-seo-wordpress\/ -->\n<title>Geheimnistr\u00e4gerin und Botschafterin der Ostschweizer Milchwirtschaft &#8211; Appenzeller Schauk\u00e4serei<\/title>\n<meta name=\"robots\" content=\"index, follow, max-snippet:-1, max-image-preview:large, max-video-preview:-1\" \/>\n<link rel=\"canonical\" href=\"https:\/\/www.schaukaeserei.ch\/de\/geheimnistraegerin-und-botschafterin-der-ostschweizer-milchwirtschaft\/\" \/>\n<meta property=\"og:locale\" content=\"de_DE\" \/>\n<meta property=\"og:type\" content=\"article\" \/>\n<meta property=\"og:title\" content=\"Geheimnistr\u00e4gerin und Botschafterin der Ostschweizer Milchwirtschaft &#8211; Appenzeller Schauk\u00e4serei\" \/>\n<meta property=\"og:description\" content=\"Seit bald 50 Jahren k\u00f6nnen Besucherinnen und Besucher in der Appenzeller\u00ae Schauk\u00e4serei in Stein an 364 Tagen im Jahr die [&hellip;]\" \/>\n<meta property=\"og:url\" content=\"https:\/\/www.schaukaeserei.ch\/de\/geheimnistraegerin-und-botschafterin-der-ostschweizer-milchwirtschaft\/\" \/>\n<meta property=\"og:site_name\" content=\"Appenzeller Schauk\u00e4serei\" \/>\n<meta property=\"article:published_time\" content=\"2024-09-03T09:02:33+00:00\" \/>\n<meta property=\"og:image\" content=\"https:\/\/www.schaukaeserei.ch\/wp-content\/uploads\/2021\/04\/logo_appenzeller_schaukaeserei@2x.png\" \/>\n\t<meta property=\"og:image:width\" content=\"610\" \/>\n\t<meta property=\"og:image:height\" content=\"202\" \/>\n\t<meta property=\"og:image:type\" content=\"image\/png\" \/>\n<meta name=\"author\" content=\"Appenzeller Schauk\u00e4serei\" \/>\n<meta name=\"twitter:card\" content=\"summary_large_image\" \/>\n<meta name=\"twitter:label1\" content=\"Verfasst von\" \/>\n\t<meta name=\"twitter:data1\" content=\"Appenzeller Schauk\u00e4serei\" \/>\n\t<meta name=\"twitter:label2\" content=\"Gesch\u00e4tzte Lesezeit\" \/>\n\t<meta name=\"twitter:data2\" content=\"4\u00a0Minuten\" \/>\n<script type=\"application\/ld+json\" class=\"yoast-schema-graph\">{\"@context\":\"https:\\\/\\\/schema.org\",\"@graph\":[{\"@type\":\"Article\",\"@id\":\"https:\\\/\\\/www.schaukaeserei.ch\\\/de\\\/geheimnistraegerin-und-botschafterin-der-ostschweizer-milchwirtschaft\\\/#article\",\"isPartOf\":{\"@id\":\"https:\\\/\\\/www.schaukaeserei.ch\\\/de\\\/geheimnistraegerin-und-botschafterin-der-ostschweizer-milchwirtschaft\\\/\"},\"author\":{\"name\":\"Appenzeller Schauk\u00e4serei\",\"@id\":\"https:\\\/\\\/www.schaukaeserei.ch\\\/de\\\/#\\\/schema\\\/person\\\/ac54a4c674e95f577b5617ac8962c6a9\"},\"headline\":\"Geheimnistr\u00e4gerin und Botschafterin der Ostschweizer Milchwirtschaft\",\"datePublished\":\"2024-09-03T09:02:33+00:00\",\"mainEntityOfPage\":{\"@id\":\"https:\\\/\\\/www.schaukaeserei.ch\\\/de\\\/geheimnistraegerin-und-botschafterin-der-ostschweizer-milchwirtschaft\\\/\"},\"wordCount\":753,\"articleSection\":[\"Medien\",\"News &amp; Events\"],\"inLanguage\":\"de\"},{\"@type\":\"WebPage\",\"@id\":\"https:\\\/\\\/www.schaukaeserei.ch\\\/de\\\/geheimnistraegerin-und-botschafterin-der-ostschweizer-milchwirtschaft\\\/\",\"url\":\"https:\\\/\\\/www.schaukaeserei.ch\\\/de\\\/geheimnistraegerin-und-botschafterin-der-ostschweizer-milchwirtschaft\\\/\",\"name\":\"Geheimnistr\u00e4gerin und Botschafterin der Ostschweizer Milchwirtschaft &#8211; Appenzeller Schauk\u00e4serei\",\"isPartOf\":{\"@id\":\"https:\\\/\\\/www.schaukaeserei.ch\\\/de\\\/#website\"},\"datePublished\":\"2024-09-03T09:02:33+00:00\",\"author\":{\"@id\":\"https:\\\/\\\/www.schaukaeserei.ch\\\/de\\\/#\\\/schema\\\/person\\\/ac54a4c674e95f577b5617ac8962c6a9\"},\"breadcrumb\":{\"@id\":\"https:\\\/\\\/www.schaukaeserei.ch\\\/de\\\/geheimnistraegerin-und-botschafterin-der-ostschweizer-milchwirtschaft\\\/#breadcrumb\"},\"inLanguage\":\"de\",\"potentialAction\":[{\"@type\":\"ReadAction\",\"target\":[\"https:\\\/\\\/www.schaukaeserei.ch\\\/de\\\/geheimnistraegerin-und-botschafterin-der-ostschweizer-milchwirtschaft\\\/\"]}]},{\"@type\":\"BreadcrumbList\",\"@id\":\"https:\\\/\\\/www.schaukaeserei.ch\\\/de\\\/geheimnistraegerin-und-botschafterin-der-ostschweizer-milchwirtschaft\\\/#breadcrumb\",\"itemListElement\":[{\"@type\":\"ListItem\",\"position\":1,\"name\":\"Startseite\",\"item\":\"https:\\\/\\\/www.schaukaeserei.ch\\\/de\\\/\"},{\"@type\":\"ListItem\",\"position\":2,\"name\":\"Geheimnistr\u00e4gerin und Botschafterin der Ostschweizer Milchwirtschaft\"}]},{\"@type\":\"WebSite\",\"@id\":\"https:\\\/\\\/www.schaukaeserei.ch\\\/de\\\/#website\",\"url\":\"https:\\\/\\\/www.schaukaeserei.ch\\\/de\\\/\",\"name\":\"Appenzeller Schauk\u00e4serei\",\"description\":\"Entdecken Sie den geheimnisvollen Appenzeller K\u00e4se\",\"potentialAction\":[{\"@type\":\"SearchAction\",\"target\":{\"@type\":\"EntryPoint\",\"urlTemplate\":\"https:\\\/\\\/www.schaukaeserei.ch\\\/de\\\/?s={search_term_string}\"},\"query-input\":{\"@type\":\"PropertyValueSpecification\",\"valueRequired\":true,\"valueName\":\"search_term_string\"}}],\"inLanguage\":\"de\"},{\"@type\":\"Person\",\"@id\":\"https:\\\/\\\/www.schaukaeserei.ch\\\/de\\\/#\\\/schema\\\/person\\\/ac54a4c674e95f577b5617ac8962c6a9\",\"name\":\"Appenzeller Schauk\u00e4serei\",\"image\":{\"@type\":\"ImageObject\",\"inLanguage\":\"de\",\"@id\":\"https:\\\/\\\/secure.gravatar.com\\\/avatar\\\/6fe8364ed5b4ccd9bca9caa6dac45c11fc15ffe4145cbd8cd22b28f05302005e?s=96&d=mm&r=g\",\"url\":\"https:\\\/\\\/secure.gravatar.com\\\/avatar\\\/6fe8364ed5b4ccd9bca9caa6dac45c11fc15ffe4145cbd8cd22b28f05302005e?s=96&d=mm&r=g\",\"contentUrl\":\"https:\\\/\\\/secure.gravatar.com\\\/avatar\\\/6fe8364ed5b4ccd9bca9caa6dac45c11fc15ffe4145cbd8cd22b28f05302005e?s=96&d=mm&r=g\",\"caption\":\"Appenzeller Schauk\u00e4serei\"},\"url\":\"https:\\\/\\\/www.schaukaeserei.ch\\\/de\\\/author\\\/appenzeller\\\/\"}]}<\/script>\n<!-- \/ Yoast SEO plugin. -->","yoast_head_json":{"title":"Geheimnistr\u00e4gerin und Botschafterin der Ostschweizer Milchwirtschaft &#8211; Appenzeller Schauk\u00e4serei","robots":{"index":"index","follow":"follow","max-snippet":"max-snippet:-1","max-image-preview":"max-image-preview:large","max-video-preview":"max-video-preview:-1"},"canonical":"https:\/\/www.schaukaeserei.ch\/de\/geheimnistraegerin-und-botschafterin-der-ostschweizer-milchwirtschaft\/","og_locale":"de_DE","og_type":"article","og_title":"Geheimnistr\u00e4gerin und Botschafterin der Ostschweizer Milchwirtschaft &#8211; Appenzeller Schauk\u00e4serei","og_description":"Seit bald 50 Jahren k\u00f6nnen Besucherinnen und Besucher in der Appenzeller\u00ae Schauk\u00e4serei in Stein an 364 Tagen im Jahr die [&hellip;]","og_url":"https:\/\/www.schaukaeserei.ch\/de\/geheimnistraegerin-und-botschafterin-der-ostschweizer-milchwirtschaft\/","og_site_name":"Appenzeller Schauk\u00e4serei","article_published_time":"2024-09-03T09:02:33+00:00","og_image":[{"width":610,"height":202,"url":"https:\/\/www.schaukaeserei.ch\/wp-content\/uploads\/2021\/04\/logo_appenzeller_schaukaeserei@2x.png","type":"image\/png"}],"author":"Appenzeller Schauk\u00e4serei","twitter_card":"summary_large_image","twitter_misc":{"Verfasst von":"Appenzeller Schauk\u00e4serei","Gesch\u00e4tzte Lesezeit":"4\u00a0Minuten"},"schema":{"@context":"https:\/\/schema.org","@graph":[{"@type":"Article","@id":"https:\/\/www.schaukaeserei.ch\/de\/geheimnistraegerin-und-botschafterin-der-ostschweizer-milchwirtschaft\/#article","isPartOf":{"@id":"https:\/\/www.schaukaeserei.ch\/de\/geheimnistraegerin-und-botschafterin-der-ostschweizer-milchwirtschaft\/"},"author":{"name":"Appenzeller Schauk\u00e4serei","@id":"https:\/\/www.schaukaeserei.ch\/de\/#\/schema\/person\/ac54a4c674e95f577b5617ac8962c6a9"},"headline":"Geheimnistr\u00e4gerin und Botschafterin der Ostschweizer Milchwirtschaft","datePublished":"2024-09-03T09:02:33+00:00","mainEntityOfPage":{"@id":"https:\/\/www.schaukaeserei.ch\/de\/geheimnistraegerin-und-botschafterin-der-ostschweizer-milchwirtschaft\/"},"wordCount":753,"articleSection":["Medien","News &amp; Events"],"inLanguage":"de"},{"@type":"WebPage","@id":"https:\/\/www.schaukaeserei.ch\/de\/geheimnistraegerin-und-botschafterin-der-ostschweizer-milchwirtschaft\/","url":"https:\/\/www.schaukaeserei.ch\/de\/geheimnistraegerin-und-botschafterin-der-ostschweizer-milchwirtschaft\/","name":"Geheimnistr\u00e4gerin und Botschafterin der Ostschweizer Milchwirtschaft &#8211; Appenzeller Schauk\u00e4serei","isPartOf":{"@id":"https:\/\/www.schaukaeserei.ch\/de\/#website"},"datePublished":"2024-09-03T09:02:33+00:00","author":{"@id":"https:\/\/www.schaukaeserei.ch\/de\/#\/schema\/person\/ac54a4c674e95f577b5617ac8962c6a9"},"breadcrumb":{"@id":"https:\/\/www.schaukaeserei.ch\/de\/geheimnistraegerin-und-botschafterin-der-ostschweizer-milchwirtschaft\/#breadcrumb"},"inLanguage":"de","potentialAction":[{"@type":"ReadAction","target":["https:\/\/www.schaukaeserei.ch\/de\/geheimnistraegerin-und-botschafterin-der-ostschweizer-milchwirtschaft\/"]}]},{"@type":"BreadcrumbList","@id":"https:\/\/www.schaukaeserei.ch\/de\/geheimnistraegerin-und-botschafterin-der-ostschweizer-milchwirtschaft\/#breadcrumb","itemListElement":[{"@type":"ListItem","position":1,"name":"Startseite","item":"https:\/\/www.schaukaeserei.ch\/de\/"},{"@type":"ListItem","position":2,"name":"Geheimnistr\u00e4gerin und Botschafterin der Ostschweizer Milchwirtschaft"}]},{"@type":"WebSite","@id":"https:\/\/www.schaukaeserei.ch\/de\/#website","url":"https:\/\/www.schaukaeserei.ch\/de\/","name":"Appenzeller Schauk\u00e4serei","description":"Entdecken Sie den geheimnisvollen Appenzeller K\u00e4se","potentialAction":[{"@type":"SearchAction","target":{"@type":"EntryPoint","urlTemplate":"https:\/\/www.schaukaeserei.ch\/de\/?s={search_term_string}"},"query-input":{"@type":"PropertyValueSpecification","valueRequired":true,"valueName":"search_term_string"}}],"inLanguage":"de"},{"@type":"Person","@id":"https:\/\/www.schaukaeserei.ch\/de\/#\/schema\/person\/ac54a4c674e95f577b5617ac8962c6a9","name":"Appenzeller Schauk\u00e4serei","image":{"@type":"ImageObject","inLanguage":"de","@id":"https:\/\/secure.gravatar.com\/avatar\/6fe8364ed5b4ccd9bca9caa6dac45c11fc15ffe4145cbd8cd22b28f05302005e?s=96&d=mm&r=g","url":"https:\/\/secure.gravatar.com\/avatar\/6fe8364ed5b4ccd9bca9caa6dac45c11fc15ffe4145cbd8cd22b28f05302005e?s=96&d=mm&r=g","contentUrl":"https:\/\/secure.gravatar.com\/avatar\/6fe8364ed5b4ccd9bca9caa6dac45c11fc15ffe4145cbd8cd22b28f05302005e?s=96&d=mm&r=g","caption":"Appenzeller Schauk\u00e4serei"},"url":"https:\/\/www.schaukaeserei.ch\/de\/author\/appenzeller\/"}]}},"publishpress_future_action":{"enabled":false,"date":"2026-05-09 11:11:20","action":"change-status","newStatus":"draft","terms":[],"taxonomy":"category","extraData":[]},"publishpress_future_workflow_manual_trigger":{"enabledWorkflows":[]},"_links":{"self":[{"href":"https:\/\/www.schaukaeserei.ch\/de\/wp-json\/wp\/v2\/posts\/8299","targetHints":{"allow":["GET"]}}],"collection":[{"href":"https:\/\/www.schaukaeserei.ch\/de\/wp-json\/wp\/v2\/posts"}],"about":[{"href":"https:\/\/www.schaukaeserei.ch\/de\/wp-json\/wp\/v2\/types\/post"}],"author":[{"embeddable":true,"href":"https:\/\/www.schaukaeserei.ch\/de\/wp-json\/wp\/v2\/users\/3"}],"replies":[{"embeddable":true,"href":"https:\/\/www.schaukaeserei.ch\/de\/wp-json\/wp\/v2\/comments?post=8299"}],"version-history":[{"count":1,"href":"https:\/\/www.schaukaeserei.ch\/de\/wp-json\/wp\/v2\/posts\/8299\/revisions"}],"predecessor-version":[{"id":8306,"href":"https:\/\/www.schaukaeserei.ch\/de\/wp-json\/wp\/v2\/posts\/8299\/revisions\/8306"}],"wp:attachment":[{"href":"https:\/\/www.schaukaeserei.ch\/de\/wp-json\/wp\/v2\/media?parent=8299"}],"wp:term":[{"taxonomy":"category","embeddable":true,"href":"https:\/\/www.schaukaeserei.ch\/de\/wp-json\/wp\/v2\/categories?post=8299"},{"taxonomy":"post_tag","embeddable":true,"href":"https:\/\/www.schaukaeserei.ch\/de\/wp-json\/wp\/v2\/tags?post=8299"}],"curies":[{"name":"wp","href":"https:\/\/api.w.org\/{rel}","templated":true}]}}