{"id":8383,"date":"2024-09-10T09:00:08","date_gmt":"2024-09-10T07:00:08","guid":{"rendered":"https:\/\/www.schaukaeserei.ch\/?p=8383"},"modified":"2024-09-10T10:11:23","modified_gmt":"2024-09-10T08:11:23","slug":"absichtserklaerung-zur-nachhaltigen-arealentwicklung-dorfzentrum-stein-ar-unterzeichnet","status":"publish","type":"post","link":"https:\/\/www.schaukaeserei.ch\/de\/absichtserklaerung-zur-nachhaltigen-arealentwicklung-dorfzentrum-stein-ar-unterzeichnet\/","title":{"rendered":"Absichtserkl\u00e4rung zur nachhaltigen \u00abArealentwicklung Dorfzentrum Stein AR\u00bb unterzeichnet"},"content":{"rendered":"<p><strong>Absichtserkl\u00e4rung zur nachhaltigen \u00abArealentwicklung Dorfzentrum Stein AR\u00bb unterzeichnet<\/strong><\/p>\n<p>Die Appenzeller\u00ae Schauk\u00e4serei, die Gemeinde Stein, das Appenzeller Volkskunde-Museum und der Kanton Appenzell Ausserrhoden planen gemeinsam eine zukunftsweisende Arealentwicklung im Dorfzentrum Stein AR. In einer Absichtserkl\u00e4rung halten sie fest, dass sie an einer gemeinsamen Vision und der Arealentwicklung zur wirtschaftlichen F\u00f6rderung, Steigerung der Standortattraktivit\u00e4t sowie zum Schutz des kulturellen Erbes in der Gemeinde Stein arbeiten wollen. Unterst\u00fctzt wird dieses Ansinnen auch von der Stiftung f\u00fcr Appenzellische Volkskunde.<\/p>\n<p><a href=\"https:\/\/www.schaukaeserei.ch\/wp-content\/uploads\/2024\/09\/MM_Absichtserklaerung-AE-Stein-AR-2.pdf\">Zur Medienmitteilung<\/a><\/p>\n","protected":false},"excerpt":{"rendered":"<p>Absichtserkl\u00e4rung zur nachhaltigen \u00abArealentwicklung Dorfzentrum Stein AR\u00bb unterzeichnet Die Appenzeller\u00ae Schauk\u00e4serei, die Gemeinde Stein, das Appenzeller Volkskunde-Museum und der Kanton [&hellip;]<\/p>\n","protected":false},"author":3,"featured_media":0,"comment_status":"closed","ping_status":"closed","sticky":false,"template":"","format":"standard","meta":{"footnotes":"","_links_to":"","_links_to_target":""},"categories":[27,10],"tags":[],"class_list":["post-8383","post","type-post","status-publish","format-standard","hentry","category-medien-2","category-news-events"],"yoast_head":"<!-- This site is optimized with the Yoast SEO plugin v27.4 - https:\/\/yoast.com\/product\/yoast-seo-wordpress\/ -->\n<title>Absichtserkl\u00e4rung zur nachhaltigen \u00abArealentwicklung Dorfzentrum Stein AR\u00bb unterzeichnet &#8211; Appenzeller Schauk\u00e4serei<\/title>\n<meta name=\"robots\" content=\"index, follow, max-snippet:-1, max-image-preview:large, max-video-preview:-1\" \/>\n<link rel=\"canonical\" href=\"https:\/\/www.schaukaeserei.ch\/de\/absichtserklaerung-zur-nachhaltigen-arealentwicklung-dorfzentrum-stein-ar-unterzeichnet\/\" \/>\n<meta property=\"og:locale\" content=\"de_DE\" \/>\n<meta property=\"og:type\" content=\"article\" \/>\n<meta property=\"og:title\" content=\"Absichtserkl\u00e4rung zur nachhaltigen \u00abArealentwicklung Dorfzentrum Stein AR\u00bb unterzeichnet &#8211; Appenzeller Schauk\u00e4serei\" \/>\n<meta property=\"og:description\" content=\"Absichtserkl\u00e4rung zur nachhaltigen \u00abArealentwicklung Dorfzentrum Stein AR\u00bb unterzeichnet Die Appenzeller\u00ae Schauk\u00e4serei, die Gemeinde Stein, das Appenzeller Volkskunde-Museum und der Kanton [&hellip;]\" \/>\n<meta property=\"og:url\" content=\"https:\/\/www.schaukaeserei.ch\/de\/absichtserklaerung-zur-nachhaltigen-arealentwicklung-dorfzentrum-stein-ar-unterzeichnet\/\" \/>\n<meta property=\"og:site_name\" content=\"Appenzeller Schauk\u00e4serei\" \/>\n<meta property=\"article:published_time\" content=\"2024-09-10T07:00:08+00:00\" \/>\n<meta property=\"article:modified_time\" content=\"2024-09-10T08:11:23+00:00\" \/>\n<meta property=\"og:image\" content=\"https:\/\/www.schaukaeserei.ch\/wp-content\/uploads\/2021\/04\/logo_appenzeller_schaukaeserei@2x.png\" \/>\n\t<meta property=\"og:image:width\" content=\"610\" \/>\n\t<meta property=\"og:image:height\" content=\"202\" \/>\n\t<meta property=\"og:image:type\" content=\"image\/png\" \/>\n<meta name=\"author\" content=\"Appenzeller Schauk\u00e4serei\" \/>\n<meta name=\"twitter:card\" content=\"summary_large_image\" \/>\n<meta name=\"twitter:label1\" content=\"Verfasst von\" \/>\n\t<meta name=\"twitter:data1\" content=\"Appenzeller Schauk\u00e4serei\" \/>\n\t<meta name=\"twitter:label2\" content=\"Gesch\u00e4tzte Lesezeit\" \/>\n\t<meta name=\"twitter:data2\" content=\"1\u00a0Minute\" \/>\n<script type=\"application\/ld+json\" class=\"yoast-schema-graph\">{\"@context\":\"https:\\\/\\\/schema.org\",\"@graph\":[{\"@type\":\"Article\",\"@id\":\"https:\\\/\\\/www.schaukaeserei.ch\\\/de\\\/absichtserklaerung-zur-nachhaltigen-arealentwicklung-dorfzentrum-stein-ar-unterzeichnet\\\/#article\",\"isPartOf\":{\"@id\":\"https:\\\/\\\/www.schaukaeserei.ch\\\/de\\\/absichtserklaerung-zur-nachhaltigen-arealentwicklung-dorfzentrum-stein-ar-unterzeichnet\\\/\"},\"author\":{\"name\":\"Appenzeller Schauk\u00e4serei\",\"@id\":\"https:\\\/\\\/www.schaukaeserei.ch\\\/de\\\/#\\\/schema\\\/person\\\/ac54a4c674e95f577b5617ac8962c6a9\"},\"headline\":\"Absichtserkl\u00e4rung zur nachhaltigen \u00abArealentwicklung Dorfzentrum Stein AR\u00bb unterzeichnet\",\"datePublished\":\"2024-09-10T07:00:08+00:00\",\"dateModified\":\"2024-09-10T08:11:23+00:00\",\"mainEntityOfPage\":{\"@id\":\"https:\\\/\\\/www.schaukaeserei.ch\\\/de\\\/absichtserklaerung-zur-nachhaltigen-arealentwicklung-dorfzentrum-stein-ar-unterzeichnet\\\/\"},\"wordCount\":93,\"articleSection\":[\"Medien\",\"News &amp; Events\"],\"inLanguage\":\"de\"},{\"@type\":\"WebPage\",\"@id\":\"https:\\\/\\\/www.schaukaeserei.ch\\\/de\\\/absichtserklaerung-zur-nachhaltigen-arealentwicklung-dorfzentrum-stein-ar-unterzeichnet\\\/\",\"url\":\"https:\\\/\\\/www.schaukaeserei.ch\\\/de\\\/absichtserklaerung-zur-nachhaltigen-arealentwicklung-dorfzentrum-stein-ar-unterzeichnet\\\/\",\"name\":\"Absichtserkl\u00e4rung zur nachhaltigen \u00abArealentwicklung Dorfzentrum Stein AR\u00bb unterzeichnet &#8211; Appenzeller Schauk\u00e4serei\",\"isPartOf\":{\"@id\":\"https:\\\/\\\/www.schaukaeserei.ch\\\/de\\\/#website\"},\"datePublished\":\"2024-09-10T07:00:08+00:00\",\"dateModified\":\"2024-09-10T08:11:23+00:00\",\"author\":{\"@id\":\"https:\\\/\\\/www.schaukaeserei.ch\\\/de\\\/#\\\/schema\\\/person\\\/ac54a4c674e95f577b5617ac8962c6a9\"},\"breadcrumb\":{\"@id\":\"https:\\\/\\\/www.schaukaeserei.ch\\\/de\\\/absichtserklaerung-zur-nachhaltigen-arealentwicklung-dorfzentrum-stein-ar-unterzeichnet\\\/#breadcrumb\"},\"inLanguage\":\"de\",\"potentialAction\":[{\"@type\":\"ReadAction\",\"target\":[\"https:\\\/\\\/www.schaukaeserei.ch\\\/de\\\/absichtserklaerung-zur-nachhaltigen-arealentwicklung-dorfzentrum-stein-ar-unterzeichnet\\\/\"]}]},{\"@type\":\"BreadcrumbList\",\"@id\":\"https:\\\/\\\/www.schaukaeserei.ch\\\/de\\\/absichtserklaerung-zur-nachhaltigen-arealentwicklung-dorfzentrum-stein-ar-unterzeichnet\\\/#breadcrumb\",\"itemListElement\":[{\"@type\":\"ListItem\",\"position\":1,\"name\":\"Startseite\",\"item\":\"https:\\\/\\\/www.schaukaeserei.ch\\\/de\\\/\"},{\"@type\":\"ListItem\",\"position\":2,\"name\":\"Absichtserkl\u00e4rung zur nachhaltigen \u00abArealentwicklung Dorfzentrum Stein AR\u00bb unterzeichnet\"}]},{\"@type\":\"WebSite\",\"@id\":\"https:\\\/\\\/www.schaukaeserei.ch\\\/de\\\/#website\",\"url\":\"https:\\\/\\\/www.schaukaeserei.ch\\\/de\\\/\",\"name\":\"Appenzeller Schauk\u00e4serei\",\"description\":\"Entdecken Sie den geheimnisvollen Appenzeller K\u00e4se\",\"potentialAction\":[{\"@type\":\"SearchAction\",\"target\":{\"@type\":\"EntryPoint\",\"urlTemplate\":\"https:\\\/\\\/www.schaukaeserei.ch\\\/de\\\/?s={search_term_string}\"},\"query-input\":{\"@type\":\"PropertyValueSpecification\",\"valueRequired\":true,\"valueName\":\"search_term_string\"}}],\"inLanguage\":\"de\"},{\"@type\":\"Person\",\"@id\":\"https:\\\/\\\/www.schaukaeserei.ch\\\/de\\\/#\\\/schema\\\/person\\\/ac54a4c674e95f577b5617ac8962c6a9\",\"name\":\"Appenzeller Schauk\u00e4serei\",\"image\":{\"@type\":\"ImageObject\",\"inLanguage\":\"de\",\"@id\":\"https:\\\/\\\/secure.gravatar.com\\\/avatar\\\/6fe8364ed5b4ccd9bca9caa6dac45c11fc15ffe4145cbd8cd22b28f05302005e?s=96&d=mm&r=g\",\"url\":\"https:\\\/\\\/secure.gravatar.com\\\/avatar\\\/6fe8364ed5b4ccd9bca9caa6dac45c11fc15ffe4145cbd8cd22b28f05302005e?s=96&d=mm&r=g\",\"contentUrl\":\"https:\\\/\\\/secure.gravatar.com\\\/avatar\\\/6fe8364ed5b4ccd9bca9caa6dac45c11fc15ffe4145cbd8cd22b28f05302005e?s=96&d=mm&r=g\",\"caption\":\"Appenzeller Schauk\u00e4serei\"},\"url\":\"https:\\\/\\\/www.schaukaeserei.ch\\\/de\\\/author\\\/appenzeller\\\/\"}]}<\/script>\n<!-- \/ Yoast SEO plugin. -->","yoast_head_json":{"title":"Absichtserkl\u00e4rung zur nachhaltigen \u00abArealentwicklung Dorfzentrum Stein AR\u00bb unterzeichnet &#8211; Appenzeller Schauk\u00e4serei","robots":{"index":"index","follow":"follow","max-snippet":"max-snippet:-1","max-image-preview":"max-image-preview:large","max-video-preview":"max-video-preview:-1"},"canonical":"https:\/\/www.schaukaeserei.ch\/de\/absichtserklaerung-zur-nachhaltigen-arealentwicklung-dorfzentrum-stein-ar-unterzeichnet\/","og_locale":"de_DE","og_type":"article","og_title":"Absichtserkl\u00e4rung zur nachhaltigen \u00abArealentwicklung Dorfzentrum Stein AR\u00bb unterzeichnet &#8211; Appenzeller Schauk\u00e4serei","og_description":"Absichtserkl\u00e4rung zur nachhaltigen \u00abArealentwicklung Dorfzentrum Stein AR\u00bb unterzeichnet Die Appenzeller\u00ae Schauk\u00e4serei, die Gemeinde Stein, das Appenzeller Volkskunde-Museum und der Kanton [&hellip;]","og_url":"https:\/\/www.schaukaeserei.ch\/de\/absichtserklaerung-zur-nachhaltigen-arealentwicklung-dorfzentrum-stein-ar-unterzeichnet\/","og_site_name":"Appenzeller Schauk\u00e4serei","article_published_time":"2024-09-10T07:00:08+00:00","article_modified_time":"2024-09-10T08:11:23+00:00","og_image":[{"width":610,"height":202,"url":"https:\/\/www.schaukaeserei.ch\/wp-content\/uploads\/2021\/04\/logo_appenzeller_schaukaeserei@2x.png","type":"image\/png"}],"author":"Appenzeller Schauk\u00e4serei","twitter_card":"summary_large_image","twitter_misc":{"Verfasst von":"Appenzeller Schauk\u00e4serei","Gesch\u00e4tzte Lesezeit":"1\u00a0Minute"},"schema":{"@context":"https:\/\/schema.org","@graph":[{"@type":"Article","@id":"https:\/\/www.schaukaeserei.ch\/de\/absichtserklaerung-zur-nachhaltigen-arealentwicklung-dorfzentrum-stein-ar-unterzeichnet\/#article","isPartOf":{"@id":"https:\/\/www.schaukaeserei.ch\/de\/absichtserklaerung-zur-nachhaltigen-arealentwicklung-dorfzentrum-stein-ar-unterzeichnet\/"},"author":{"name":"Appenzeller Schauk\u00e4serei","@id":"https:\/\/www.schaukaeserei.ch\/de\/#\/schema\/person\/ac54a4c674e95f577b5617ac8962c6a9"},"headline":"Absichtserkl\u00e4rung zur nachhaltigen \u00abArealentwicklung Dorfzentrum Stein AR\u00bb unterzeichnet","datePublished":"2024-09-10T07:00:08+00:00","dateModified":"2024-09-10T08:11:23+00:00","mainEntityOfPage":{"@id":"https:\/\/www.schaukaeserei.ch\/de\/absichtserklaerung-zur-nachhaltigen-arealentwicklung-dorfzentrum-stein-ar-unterzeichnet\/"},"wordCount":93,"articleSection":["Medien","News &amp; Events"],"inLanguage":"de"},{"@type":"WebPage","@id":"https:\/\/www.schaukaeserei.ch\/de\/absichtserklaerung-zur-nachhaltigen-arealentwicklung-dorfzentrum-stein-ar-unterzeichnet\/","url":"https:\/\/www.schaukaeserei.ch\/de\/absichtserklaerung-zur-nachhaltigen-arealentwicklung-dorfzentrum-stein-ar-unterzeichnet\/","name":"Absichtserkl\u00e4rung zur nachhaltigen \u00abArealentwicklung Dorfzentrum Stein AR\u00bb unterzeichnet &#8211; Appenzeller Schauk\u00e4serei","isPartOf":{"@id":"https:\/\/www.schaukaeserei.ch\/de\/#website"},"datePublished":"2024-09-10T07:00:08+00:00","dateModified":"2024-09-10T08:11:23+00:00","author":{"@id":"https:\/\/www.schaukaeserei.ch\/de\/#\/schema\/person\/ac54a4c674e95f577b5617ac8962c6a9"},"breadcrumb":{"@id":"https:\/\/www.schaukaeserei.ch\/de\/absichtserklaerung-zur-nachhaltigen-arealentwicklung-dorfzentrum-stein-ar-unterzeichnet\/#breadcrumb"},"inLanguage":"de","potentialAction":[{"@type":"ReadAction","target":["https:\/\/www.schaukaeserei.ch\/de\/absichtserklaerung-zur-nachhaltigen-arealentwicklung-dorfzentrum-stein-ar-unterzeichnet\/"]}]},{"@type":"BreadcrumbList","@id":"https:\/\/www.schaukaeserei.ch\/de\/absichtserklaerung-zur-nachhaltigen-arealentwicklung-dorfzentrum-stein-ar-unterzeichnet\/#breadcrumb","itemListElement":[{"@type":"ListItem","position":1,"name":"Startseite","item":"https:\/\/www.schaukaeserei.ch\/de\/"},{"@type":"ListItem","position":2,"name":"Absichtserkl\u00e4rung zur nachhaltigen \u00abArealentwicklung Dorfzentrum Stein AR\u00bb unterzeichnet"}]},{"@type":"WebSite","@id":"https:\/\/www.schaukaeserei.ch\/de\/#website","url":"https:\/\/www.schaukaeserei.ch\/de\/","name":"Appenzeller Schauk\u00e4serei","description":"Entdecken Sie den geheimnisvollen Appenzeller K\u00e4se","potentialAction":[{"@type":"SearchAction","target":{"@type":"EntryPoint","urlTemplate":"https:\/\/www.schaukaeserei.ch\/de\/?s={search_term_string}"},"query-input":{"@type":"PropertyValueSpecification","valueRequired":true,"valueName":"search_term_string"}}],"inLanguage":"de"},{"@type":"Person","@id":"https:\/\/www.schaukaeserei.ch\/de\/#\/schema\/person\/ac54a4c674e95f577b5617ac8962c6a9","name":"Appenzeller Schauk\u00e4serei","image":{"@type":"ImageObject","inLanguage":"de","@id":"https:\/\/secure.gravatar.com\/avatar\/6fe8364ed5b4ccd9bca9caa6dac45c11fc15ffe4145cbd8cd22b28f05302005e?s=96&d=mm&r=g","url":"https:\/\/secure.gravatar.com\/avatar\/6fe8364ed5b4ccd9bca9caa6dac45c11fc15ffe4145cbd8cd22b28f05302005e?s=96&d=mm&r=g","contentUrl":"https:\/\/secure.gravatar.com\/avatar\/6fe8364ed5b4ccd9bca9caa6dac45c11fc15ffe4145cbd8cd22b28f05302005e?s=96&d=mm&r=g","caption":"Appenzeller Schauk\u00e4serei"},"url":"https:\/\/www.schaukaeserei.ch\/de\/author\/appenzeller\/"}]}},"publishpress_future_action":{"enabled":false,"date":"2026-05-08 10:40:03","action":"change-status","newStatus":"draft","terms":[],"taxonomy":"category","extraData":[]},"publishpress_future_workflow_manual_trigger":{"enabledWorkflows":[]},"_links":{"self":[{"href":"https:\/\/www.schaukaeserei.ch\/de\/wp-json\/wp\/v2\/posts\/8383","targetHints":{"allow":["GET"]}}],"collection":[{"href":"https:\/\/www.schaukaeserei.ch\/de\/wp-json\/wp\/v2\/posts"}],"about":[{"href":"https:\/\/www.schaukaeserei.ch\/de\/wp-json\/wp\/v2\/types\/post"}],"author":[{"embeddable":true,"href":"https:\/\/www.schaukaeserei.ch\/de\/wp-json\/wp\/v2\/users\/3"}],"replies":[{"embeddable":true,"href":"https:\/\/www.schaukaeserei.ch\/de\/wp-json\/wp\/v2\/comments?post=8383"}],"version-history":[{"count":4,"href":"https:\/\/www.schaukaeserei.ch\/de\/wp-json\/wp\/v2\/posts\/8383\/revisions"}],"predecessor-version":[{"id":8406,"href":"https:\/\/www.schaukaeserei.ch\/de\/wp-json\/wp\/v2\/posts\/8383\/revisions\/8406"}],"wp:attachment":[{"href":"https:\/\/www.schaukaeserei.ch\/de\/wp-json\/wp\/v2\/media?parent=8383"}],"wp:term":[{"taxonomy":"category","embeddable":true,"href":"https:\/\/www.schaukaeserei.ch\/de\/wp-json\/wp\/v2\/categories?post=8383"},{"taxonomy":"post_tag","embeddable":true,"href":"https:\/\/www.schaukaeserei.ch\/de\/wp-json\/wp\/v2\/tags?post=8383"}],"curies":[{"name":"wp","href":"https:\/\/api.w.org\/{rel}","templated":true}]}}