{"id":11980,"date":"2026-04-07T08:13:42","date_gmt":"2026-04-07T06:13:42","guid":{"rendered":"https:\/\/www.schaukaeserei.ch\/?p=11980"},"modified":"2026-04-07T08:13:42","modified_gmt":"2026-04-07T06:13:42","slug":"paques-programm","status":"publish","type":"post","link":"https:\/\/www.schaukaeserei.ch\/fr\/paques-programm\/","title":{"rendered":"P\u00e2ques programm"},"content":{"rendered":"<p><strong>Vous avez d\u00e9j\u00e0 des projets pour P\u00e2ques ?<\/strong><\/p>\n<p>Passez P\u00e2ques avec votre famille \u00e0 la fromagerie de d\u00e9monstration d&rsquo;Appenzell ! R\u00e9jouissez-vous de notre passionnante <strong>chasse aux \u0153ufs de P\u00e2que<\/strong>s &#8211; combien d&rsquo;\u0153ufs le lapin de P\u00e2ques a-t-il bien pu cacher dans la fromagerie ?<\/p>\n<p>Combinez cette exp\u00e9rience avec un savoureux <strong>buffet de petit-d\u00e9jeuner<\/strong> ou <strong>un menu de P\u00e2ques<\/strong> festif avec des sp\u00e9cialit\u00e9s r\u00e9gionales.<\/p>\n<p>Buffet de petit-d\u00e9jeuner 9.00-11.00<br \/>\nCuisine chaude en continu \u00e0 partir de 11.00 heures<\/p>\n<p><strong>Chasse aux \u0153ufs de P\u00e2ques :<\/strong> sans r\u00e9servation<br \/>\n<strong>R\u00e9servation du restaurant recommand\u00e9e<\/strong><\/p>\n<p>BIenvenue et joyeuses P\u00e2ques ! \ud83d\udc30<\/p>\n<p>Encore \u00e0 la recherche d&rsquo;un cadeau de P\u00e2ques appropri\u00e9 ?<br \/>\n<a href=\"https:\/\/www.schaukaeserei.ch\/de\/geschenkpackungen-e-shop\/\">Cliquez ici<\/a> pour d\u00e9couvrir nos variations de cadeaux !<\/p>\n<p><img decoding=\"async\" class=\"alignnone wp-image-9137\" src=\"https:\/\/www.schaukaeserei.ch\/wp-content\/uploads\/2025\/03\/Ostern-Collage-1-300x211.png\" alt=\"\" width=\"370\" height=\"260\" \/><\/p>\n","protected":false},"excerpt":{"rendered":"<p>Vous avez d\u00e9j\u00e0 des projets pour P\u00e2ques ? Passez P\u00e2ques avec votre famille \u00e0 la fromagerie de d\u00e9monstration d&rsquo;Appenzell ! [&hellip;]<\/p>\n","protected":false},"author":3,"featured_media":0,"comment_status":"closed","ping_status":"closed","sticky":false,"template":"","format":"standard","meta":{"footnotes":"","_links_to":"","_links_to_target":""},"categories":[37,49],"tags":[],"class_list":["post-11980","post","type-post","status-publish","format-standard","hentry","category-medien-2-fr","category-news-events-fr"],"yoast_head":"<!-- This site is optimized with the Yoast SEO plugin v27.4 - https:\/\/yoast.com\/product\/yoast-seo-wordpress\/ -->\n<title>P\u00e2ques programm &#8211; Appenzeller Schauk\u00e4serei<\/title>\n<meta name=\"robots\" content=\"index, follow, max-snippet:-1, max-image-preview:large, max-video-preview:-1\" \/>\n<link rel=\"canonical\" href=\"https:\/\/www.schaukaeserei.ch\/fr\/paques-programm\/\" \/>\n<meta property=\"og:locale\" content=\"fr_FR\" \/>\n<meta property=\"og:type\" content=\"article\" \/>\n<meta property=\"og:title\" content=\"P\u00e2ques programm &#8211; Appenzeller Schauk\u00e4serei\" \/>\n<meta property=\"og:description\" content=\"Vous avez d\u00e9j\u00e0 des projets pour P\u00e2ques ? Passez P\u00e2ques avec votre famille \u00e0 la fromagerie de d\u00e9monstration d&rsquo;Appenzell ! [&hellip;]\" \/>\n<meta property=\"og:url\" content=\"https:\/\/www.schaukaeserei.ch\/fr\/paques-programm\/\" \/>\n<meta property=\"og:site_name\" content=\"Appenzeller Schauk\u00e4serei\" \/>\n<meta property=\"article:published_time\" content=\"2026-04-07T06:13:42+00:00\" \/>\n<meta property=\"og:image\" content=\"https:\/\/www.schaukaeserei.ch\/wp-content\/uploads\/2021\/04\/logo_appenzeller_schaukaeserei@2x.png\" \/>\n\t<meta property=\"og:image:width\" content=\"610\" \/>\n\t<meta property=\"og:image:height\" content=\"202\" \/>\n\t<meta property=\"og:image:type\" content=\"image\/png\" \/>\n<meta name=\"author\" content=\"Appenzeller Schauk\u00e4serei\" \/>\n<meta name=\"twitter:card\" content=\"summary_large_image\" \/>\n<meta name=\"twitter:label1\" content=\"\u00c9crit par\" \/>\n\t<meta name=\"twitter:data1\" content=\"Appenzeller Schauk\u00e4serei\" \/>\n\t<meta name=\"twitter:label2\" content=\"Dur\u00e9e de lecture estim\u00e9e\" \/>\n\t<meta name=\"twitter:data2\" content=\"1 minute\" \/>\n<script type=\"application\/ld+json\" class=\"yoast-schema-graph\">{\"@context\":\"https:\\\/\\\/schema.org\",\"@graph\":[{\"@type\":\"Article\",\"@id\":\"https:\\\/\\\/www.schaukaeserei.ch\\\/fr\\\/paques-programm\\\/#article\",\"isPartOf\":{\"@id\":\"https:\\\/\\\/www.schaukaeserei.ch\\\/fr\\\/paques-programm\\\/\"},\"author\":{\"name\":\"Appenzeller Schauk\u00e4serei\",\"@id\":\"https:\\\/\\\/www.schaukaeserei.ch\\\/fr\\\/#\\\/schema\\\/person\\\/ac54a4c674e95f577b5617ac8962c6a9\"},\"headline\":\"P\u00e2ques programm\",\"datePublished\":\"2026-04-07T06:13:42+00:00\",\"mainEntityOfPage\":{\"@id\":\"https:\\\/\\\/www.schaukaeserei.ch\\\/fr\\\/paques-programm\\\/\"},\"wordCount\":128,\"image\":{\"@id\":\"https:\\\/\\\/www.schaukaeserei.ch\\\/fr\\\/paques-programm\\\/#primaryimage\"},\"thumbnailUrl\":\"https:\\\/\\\/www.schaukaeserei.ch\\\/wp-content\\\/uploads\\\/2025\\\/03\\\/Ostern-Collage-1-300x211.png\",\"articleSection\":[\"Medien\",\"News &amp; Events\"],\"inLanguage\":\"fr-FR\"},{\"@type\":\"WebPage\",\"@id\":\"https:\\\/\\\/www.schaukaeserei.ch\\\/fr\\\/paques-programm\\\/\",\"url\":\"https:\\\/\\\/www.schaukaeserei.ch\\\/fr\\\/paques-programm\\\/\",\"name\":\"P\u00e2ques programm &#8211; Appenzeller Schauk\u00e4serei\",\"isPartOf\":{\"@id\":\"https:\\\/\\\/www.schaukaeserei.ch\\\/fr\\\/#website\"},\"primaryImageOfPage\":{\"@id\":\"https:\\\/\\\/www.schaukaeserei.ch\\\/fr\\\/paques-programm\\\/#primaryimage\"},\"image\":{\"@id\":\"https:\\\/\\\/www.schaukaeserei.ch\\\/fr\\\/paques-programm\\\/#primaryimage\"},\"thumbnailUrl\":\"https:\\\/\\\/www.schaukaeserei.ch\\\/wp-content\\\/uploads\\\/2025\\\/03\\\/Ostern-Collage-1-300x211.png\",\"datePublished\":\"2026-04-07T06:13:42+00:00\",\"author\":{\"@id\":\"https:\\\/\\\/www.schaukaeserei.ch\\\/fr\\\/#\\\/schema\\\/person\\\/ac54a4c674e95f577b5617ac8962c6a9\"},\"breadcrumb\":{\"@id\":\"https:\\\/\\\/www.schaukaeserei.ch\\\/fr\\\/paques-programm\\\/#breadcrumb\"},\"inLanguage\":\"fr-FR\",\"potentialAction\":[{\"@type\":\"ReadAction\",\"target\":[\"https:\\\/\\\/www.schaukaeserei.ch\\\/fr\\\/paques-programm\\\/\"]}]},{\"@type\":\"ImageObject\",\"inLanguage\":\"fr-FR\",\"@id\":\"https:\\\/\\\/www.schaukaeserei.ch\\\/fr\\\/paques-programm\\\/#primaryimage\",\"url\":\"https:\\\/\\\/www.schaukaeserei.ch\\\/wp-content\\\/uploads\\\/2025\\\/03\\\/Ostern-Collage-1-300x211.png\",\"contentUrl\":\"https:\\\/\\\/www.schaukaeserei.ch\\\/wp-content\\\/uploads\\\/2025\\\/03\\\/Ostern-Collage-1-300x211.png\"},{\"@type\":\"BreadcrumbList\",\"@id\":\"https:\\\/\\\/www.schaukaeserei.ch\\\/fr\\\/paques-programm\\\/#breadcrumb\",\"itemListElement\":[{\"@type\":\"ListItem\",\"position\":1,\"name\":\"Startseite\",\"item\":\"https:\\\/\\\/www.schaukaeserei.ch\\\/fr\\\/\"},{\"@type\":\"ListItem\",\"position\":2,\"name\":\"P\u00e2ques programm\"}]},{\"@type\":\"WebSite\",\"@id\":\"https:\\\/\\\/www.schaukaeserei.ch\\\/fr\\\/#website\",\"url\":\"https:\\\/\\\/www.schaukaeserei.ch\\\/fr\\\/\",\"name\":\"Appenzeller Schauk\u00e4serei\",\"description\":\"Entdecken Sie den geheimnisvollen Appenzeller K\u00e4se\",\"potentialAction\":[{\"@type\":\"SearchAction\",\"target\":{\"@type\":\"EntryPoint\",\"urlTemplate\":\"https:\\\/\\\/www.schaukaeserei.ch\\\/fr\\\/?s={search_term_string}\"},\"query-input\":{\"@type\":\"PropertyValueSpecification\",\"valueRequired\":true,\"valueName\":\"search_term_string\"}}],\"inLanguage\":\"fr-FR\"},{\"@type\":\"Person\",\"@id\":\"https:\\\/\\\/www.schaukaeserei.ch\\\/fr\\\/#\\\/schema\\\/person\\\/ac54a4c674e95f577b5617ac8962c6a9\",\"name\":\"Appenzeller Schauk\u00e4serei\",\"image\":{\"@type\":\"ImageObject\",\"inLanguage\":\"fr-FR\",\"@id\":\"https:\\\/\\\/secure.gravatar.com\\\/avatar\\\/6fe8364ed5b4ccd9bca9caa6dac45c11fc15ffe4145cbd8cd22b28f05302005e?s=96&d=mm&r=g\",\"url\":\"https:\\\/\\\/secure.gravatar.com\\\/avatar\\\/6fe8364ed5b4ccd9bca9caa6dac45c11fc15ffe4145cbd8cd22b28f05302005e?s=96&d=mm&r=g\",\"contentUrl\":\"https:\\\/\\\/secure.gravatar.com\\\/avatar\\\/6fe8364ed5b4ccd9bca9caa6dac45c11fc15ffe4145cbd8cd22b28f05302005e?s=96&d=mm&r=g\",\"caption\":\"Appenzeller Schauk\u00e4serei\"},\"url\":\"https:\\\/\\\/www.schaukaeserei.ch\\\/fr\\\/author\\\/appenzeller\\\/\"}]}<\/script>\n<!-- \/ Yoast SEO plugin. -->","yoast_head_json":{"title":"P\u00e2ques programm &#8211; Appenzeller Schauk\u00e4serei","robots":{"index":"index","follow":"follow","max-snippet":"max-snippet:-1","max-image-preview":"max-image-preview:large","max-video-preview":"max-video-preview:-1"},"canonical":"https:\/\/www.schaukaeserei.ch\/fr\/paques-programm\/","og_locale":"fr_FR","og_type":"article","og_title":"P\u00e2ques programm &#8211; Appenzeller Schauk\u00e4serei","og_description":"Vous avez d\u00e9j\u00e0 des projets pour P\u00e2ques ? Passez P\u00e2ques avec votre famille \u00e0 la fromagerie de d\u00e9monstration d&rsquo;Appenzell ! [&hellip;]","og_url":"https:\/\/www.schaukaeserei.ch\/fr\/paques-programm\/","og_site_name":"Appenzeller Schauk\u00e4serei","article_published_time":"2026-04-07T06:13:42+00:00","og_image":[{"width":610,"height":202,"url":"https:\/\/www.schaukaeserei.ch\/wp-content\/uploads\/2021\/04\/logo_appenzeller_schaukaeserei@2x.png","type":"image\/png"}],"author":"Appenzeller Schauk\u00e4serei","twitter_card":"summary_large_image","twitter_misc":{"\u00c9crit par":"Appenzeller Schauk\u00e4serei","Dur\u00e9e de lecture estim\u00e9e":"1 minute"},"schema":{"@context":"https:\/\/schema.org","@graph":[{"@type":"Article","@id":"https:\/\/www.schaukaeserei.ch\/fr\/paques-programm\/#article","isPartOf":{"@id":"https:\/\/www.schaukaeserei.ch\/fr\/paques-programm\/"},"author":{"name":"Appenzeller Schauk\u00e4serei","@id":"https:\/\/www.schaukaeserei.ch\/fr\/#\/schema\/person\/ac54a4c674e95f577b5617ac8962c6a9"},"headline":"P\u00e2ques programm","datePublished":"2026-04-07T06:13:42+00:00","mainEntityOfPage":{"@id":"https:\/\/www.schaukaeserei.ch\/fr\/paques-programm\/"},"wordCount":128,"image":{"@id":"https:\/\/www.schaukaeserei.ch\/fr\/paques-programm\/#primaryimage"},"thumbnailUrl":"https:\/\/www.schaukaeserei.ch\/wp-content\/uploads\/2025\/03\/Ostern-Collage-1-300x211.png","articleSection":["Medien","News &amp; Events"],"inLanguage":"fr-FR"},{"@type":"WebPage","@id":"https:\/\/www.schaukaeserei.ch\/fr\/paques-programm\/","url":"https:\/\/www.schaukaeserei.ch\/fr\/paques-programm\/","name":"P\u00e2ques programm &#8211; Appenzeller Schauk\u00e4serei","isPartOf":{"@id":"https:\/\/www.schaukaeserei.ch\/fr\/#website"},"primaryImageOfPage":{"@id":"https:\/\/www.schaukaeserei.ch\/fr\/paques-programm\/#primaryimage"},"image":{"@id":"https:\/\/www.schaukaeserei.ch\/fr\/paques-programm\/#primaryimage"},"thumbnailUrl":"https:\/\/www.schaukaeserei.ch\/wp-content\/uploads\/2025\/03\/Ostern-Collage-1-300x211.png","datePublished":"2026-04-07T06:13:42+00:00","author":{"@id":"https:\/\/www.schaukaeserei.ch\/fr\/#\/schema\/person\/ac54a4c674e95f577b5617ac8962c6a9"},"breadcrumb":{"@id":"https:\/\/www.schaukaeserei.ch\/fr\/paques-programm\/#breadcrumb"},"inLanguage":"fr-FR","potentialAction":[{"@type":"ReadAction","target":["https:\/\/www.schaukaeserei.ch\/fr\/paques-programm\/"]}]},{"@type":"ImageObject","inLanguage":"fr-FR","@id":"https:\/\/www.schaukaeserei.ch\/fr\/paques-programm\/#primaryimage","url":"https:\/\/www.schaukaeserei.ch\/wp-content\/uploads\/2025\/03\/Ostern-Collage-1-300x211.png","contentUrl":"https:\/\/www.schaukaeserei.ch\/wp-content\/uploads\/2025\/03\/Ostern-Collage-1-300x211.png"},{"@type":"BreadcrumbList","@id":"https:\/\/www.schaukaeserei.ch\/fr\/paques-programm\/#breadcrumb","itemListElement":[{"@type":"ListItem","position":1,"name":"Startseite","item":"https:\/\/www.schaukaeserei.ch\/fr\/"},{"@type":"ListItem","position":2,"name":"P\u00e2ques programm"}]},{"@type":"WebSite","@id":"https:\/\/www.schaukaeserei.ch\/fr\/#website","url":"https:\/\/www.schaukaeserei.ch\/fr\/","name":"Appenzeller Schauk\u00e4serei","description":"Entdecken Sie den geheimnisvollen Appenzeller K\u00e4se","potentialAction":[{"@type":"SearchAction","target":{"@type":"EntryPoint","urlTemplate":"https:\/\/www.schaukaeserei.ch\/fr\/?s={search_term_string}"},"query-input":{"@type":"PropertyValueSpecification","valueRequired":true,"valueName":"search_term_string"}}],"inLanguage":"fr-FR"},{"@type":"Person","@id":"https:\/\/www.schaukaeserei.ch\/fr\/#\/schema\/person\/ac54a4c674e95f577b5617ac8962c6a9","name":"Appenzeller Schauk\u00e4serei","image":{"@type":"ImageObject","inLanguage":"fr-FR","@id":"https:\/\/secure.gravatar.com\/avatar\/6fe8364ed5b4ccd9bca9caa6dac45c11fc15ffe4145cbd8cd22b28f05302005e?s=96&d=mm&r=g","url":"https:\/\/secure.gravatar.com\/avatar\/6fe8364ed5b4ccd9bca9caa6dac45c11fc15ffe4145cbd8cd22b28f05302005e?s=96&d=mm&r=g","contentUrl":"https:\/\/secure.gravatar.com\/avatar\/6fe8364ed5b4ccd9bca9caa6dac45c11fc15ffe4145cbd8cd22b28f05302005e?s=96&d=mm&r=g","caption":"Appenzeller Schauk\u00e4serei"},"url":"https:\/\/www.schaukaeserei.ch\/fr\/author\/appenzeller\/"}]}},"publishpress_future_action":{"enabled":false,"date":"2026-05-06 04:38:46","action":"change-status","newStatus":"draft","terms":[],"taxonomy":"category","extraData":[]},"publishpress_future_workflow_manual_trigger":{"enabledWorkflows":[]},"_links":{"self":[{"href":"https:\/\/www.schaukaeserei.ch\/fr\/wp-json\/wp\/v2\/posts\/11980","targetHints":{"allow":["GET"]}}],"collection":[{"href":"https:\/\/www.schaukaeserei.ch\/fr\/wp-json\/wp\/v2\/posts"}],"about":[{"href":"https:\/\/www.schaukaeserei.ch\/fr\/wp-json\/wp\/v2\/types\/post"}],"author":[{"embeddable":true,"href":"https:\/\/www.schaukaeserei.ch\/fr\/wp-json\/wp\/v2\/users\/3"}],"replies":[{"embeddable":true,"href":"https:\/\/www.schaukaeserei.ch\/fr\/wp-json\/wp\/v2\/comments?post=11980"}],"version-history":[{"count":1,"href":"https:\/\/www.schaukaeserei.ch\/fr\/wp-json\/wp\/v2\/posts\/11980\/revisions"}],"predecessor-version":[{"id":12083,"href":"https:\/\/www.schaukaeserei.ch\/fr\/wp-json\/wp\/v2\/posts\/11980\/revisions\/12083"}],"wp:attachment":[{"href":"https:\/\/www.schaukaeserei.ch\/fr\/wp-json\/wp\/v2\/media?parent=11980"}],"wp:term":[{"taxonomy":"category","embeddable":true,"href":"https:\/\/www.schaukaeserei.ch\/fr\/wp-json\/wp\/v2\/categories?post=11980"},{"taxonomy":"post_tag","embeddable":true,"href":"https:\/\/www.schaukaeserei.ch\/fr\/wp-json\/wp\/v2\/tags?post=11980"}],"curies":[{"name":"wp","href":"https:\/\/api.w.org\/{rel}","templated":true}]}}