{"id":4159,"date":"2019-08-08T11:51:26","date_gmt":"2019-08-08T11:51:26","guid":{"rendered":"https:\/\/www.schaukaeserei.ch\/consetetur-sadipscing-elitr-sed-diam-nonumy-eirmod\/"},"modified":"2021-07-27T14:52:52","modified_gmt":"2021-07-27T12:52:52","slug":"consetetur-sadipscing-elitr-sed-diam-nonumy-eirmod","status":"publish","type":"post","link":"https:\/\/www.schaukaeserei.ch\/fr\/consetetur-sadipscing-elitr-sed-diam-nonumy-eirmod\/","title":{"rendered":"Me s\u00f6nd bald zrogg &#8211; die Appenzeller Schauk\u00e4serei l\u00e4sst wieder blicken"},"content":{"rendered":"<div class=\"wpb-content-wrapper\"><p>[vc_row][vc_column width=\u00a0\u00bb1\/1&Prime;][vc_column_text]\u00dcber 40 Jahre lang waren die Tore der Appenzeller Schauk\u00e4serei an 364 Tage im Jahr f\u00fcr G\u00e4ste aus aller<br \/>\nWelt ge\u00f6ffnet. Diese Tradition wurde Mitte M\u00e4rz abrupt beendet. Wie alle Betriebe war auch die<br \/>\nAppenzeller Schauk\u00e4serei gezwungen, ihren G\u00e4stebetrieb vorerst einzustellen.<br \/>\nZwei Monate lang war das w\u00fcrzigste Geheimnis der Schweiz noch besser geh\u00fctet als es sowieso schon<br \/>\nwar. Bald darf auf die Spur des Geheimnisses wieder w\u00fcrzige K\u00e4seluft geschnuppert werden. Ab<br \/>\nMittwoch, 13. Mai 2020 um 09.00 Uhr heisst es in der Appenzeller Schauk\u00e4serei wieder \u00abs\u00f6nd willkomm\u00bb.<br \/>\nDie Erlebnisausstellung im Schaubereich ist f\u00fcr alle individuellen G\u00e4ste ge\u00f6ffnet und Gruppen bis max. 4<br \/>\nPersonen werden mit einem Spezialangebot auf eine F\u00fchrung begleitet (nur mit Reservation). Im Shop<br \/>\nwarten regionale Produkte auf alle Feinschmecker und nat\u00fcrlich steht der Appenzeller<sup>\u00ae<\/sup> K\u00e4se in allen<br \/>\nVariationen in der K\u00e4setheke bereit. Neu zu entdecken ist der KALTBACH Appenzeller<sup>\u00ae<\/sup>, welcher im<br \/>\neinzigartigen Klima der KALTBACH H\u00f6hle gereift wird. Das Restaurant verw\u00f6hnt die G\u00e4ste wieder mit<br \/>\ntraditionellen Appenzeller-Gerichten und abwechslungsreichen Tagestellern. In der grossz\u00fcgigen<br \/>\nGartenwirtschaft geniesst man die Landluft ganz besonders.<br \/>\nDie Sicherheit aller G\u00e4ste und Mitarbeiter steht an oberster Stelle. So wurden alle Massnahmen getroffen,<br \/>\ndass G\u00e4ste in der Appenzeller Schauk\u00e4serei begr\u00fcsst und verw\u00f6hnt werden d\u00fcrfen.<br \/>\nDie Appenzeller Schauk\u00e4serei ist immer eine Reise wert \u2013 JETZT erst recht.<br \/>\nBitte beachten Sie die angepassten \u00d6ffnungszeiten:<br \/>\nMontag \u2013 Freitag 09.00 \u2013 15.30 Uhr<br \/>\nSamstag \u2013 Sonntag 09.00 \u2013 16.30 Uhr[\/vc_column_text][\/vc_column][\/vc_row]<\/p>\n<\/div>","protected":false},"excerpt":{"rendered":"<p>\u00dcber 40 Jahre lang waren die Tore der Appenzeller Schauk\u00e4serei an 364 Tage im Jahr f\u00fcr G\u00e4ste aus aller Welt ge\u00f6ffnet. <\/p>\n","protected":false},"author":3,"featured_media":0,"comment_status":"closed","ping_status":"closed","sticky":false,"template":"","format":"image","meta":{"footnotes":"","_links_to":"","_links_to_target":""},"categories":[37],"tags":[],"class_list":["post-4159","post","type-post","status-publish","format-image","hentry","category-medien-2-fr","post_format-post-format-image"],"yoast_head":"<!-- This site is optimized with the Yoast SEO plugin v27.4 - https:\/\/yoast.com\/product\/yoast-seo-wordpress\/ -->\n<title>Me s\u00f6nd bald zrogg - die Appenzeller Schauk\u00e4serei l\u00e4sst wieder blicken &#8211; Appenzeller Schauk\u00e4serei<\/title>\n<meta name=\"robots\" content=\"index, follow, max-snippet:-1, max-image-preview:large, max-video-preview:-1\" \/>\n<link rel=\"canonical\" href=\"https:\/\/www.schaukaeserei.ch\/fr\/consetetur-sadipscing-elitr-sed-diam-nonumy-eirmod\/\" \/>\n<meta property=\"og:locale\" content=\"fr_FR\" \/>\n<meta property=\"og:type\" content=\"article\" \/>\n<meta property=\"og:title\" content=\"Me s\u00f6nd bald zrogg - die Appenzeller Schauk\u00e4serei l\u00e4sst wieder blicken &#8211; Appenzeller Schauk\u00e4serei\" \/>\n<meta property=\"og:description\" content=\"\u00dcber 40 Jahre lang waren die Tore der Appenzeller Schauk\u00e4serei an 364 Tage im Jahr f\u00fcr G\u00e4ste aus aller Welt ge\u00f6ffnet.\" \/>\n<meta property=\"og:url\" content=\"https:\/\/www.schaukaeserei.ch\/fr\/consetetur-sadipscing-elitr-sed-diam-nonumy-eirmod\/\" \/>\n<meta property=\"og:site_name\" content=\"Appenzeller Schauk\u00e4serei\" \/>\n<meta property=\"article:published_time\" content=\"2019-08-08T11:51:26+00:00\" \/>\n<meta property=\"article:modified_time\" content=\"2021-07-27T12:52:52+00:00\" \/>\n<meta property=\"og:image\" content=\"https:\/\/www.schaukaeserei.ch\/wp-content\/uploads\/2021\/04\/logo_appenzeller_schaukaeserei@2x.png\" \/>\n\t<meta property=\"og:image:width\" content=\"610\" \/>\n\t<meta property=\"og:image:height\" content=\"202\" \/>\n\t<meta property=\"og:image:type\" content=\"image\/png\" \/>\n<meta name=\"author\" content=\"Appenzeller Schauk\u00e4serei\" \/>\n<meta name=\"twitter:card\" content=\"summary_large_image\" \/>\n<meta name=\"twitter:label1\" content=\"\u00c9crit par\" \/>\n\t<meta name=\"twitter:data1\" content=\"Appenzeller Schauk\u00e4serei\" \/>\n\t<meta name=\"twitter:label2\" content=\"Dur\u00e9e de lecture estim\u00e9e\" \/>\n\t<meta name=\"twitter:data2\" content=\"1 minute\" \/>\n<script type=\"application\/ld+json\" class=\"yoast-schema-graph\">{\"@context\":\"https:\\\/\\\/schema.org\",\"@graph\":[{\"@type\":\"Article\",\"@id\":\"https:\\\/\\\/www.schaukaeserei.ch\\\/fr\\\/consetetur-sadipscing-elitr-sed-diam-nonumy-eirmod\\\/#article\",\"isPartOf\":{\"@id\":\"https:\\\/\\\/www.schaukaeserei.ch\\\/fr\\\/consetetur-sadipscing-elitr-sed-diam-nonumy-eirmod\\\/\"},\"author\":{\"name\":\"Appenzeller Schauk\u00e4serei\",\"@id\":\"https:\\\/\\\/www.schaukaeserei.ch\\\/fr\\\/#\\\/schema\\\/person\\\/ac54a4c674e95f577b5617ac8962c6a9\"},\"headline\":\"Me s\u00f6nd bald zrogg &#8211; die Appenzeller Schauk\u00e4serei l\u00e4sst wieder blicken\",\"datePublished\":\"2019-08-08T11:51:26+00:00\",\"dateModified\":\"2021-07-27T12:52:52+00:00\",\"mainEntityOfPage\":{\"@id\":\"https:\\\/\\\/www.schaukaeserei.ch\\\/fr\\\/consetetur-sadipscing-elitr-sed-diam-nonumy-eirmod\\\/\"},\"wordCount\":276,\"articleSection\":[\"Medien\"],\"inLanguage\":\"fr-FR\"},{\"@type\":\"WebPage\",\"@id\":\"https:\\\/\\\/www.schaukaeserei.ch\\\/fr\\\/consetetur-sadipscing-elitr-sed-diam-nonumy-eirmod\\\/\",\"url\":\"https:\\\/\\\/www.schaukaeserei.ch\\\/fr\\\/consetetur-sadipscing-elitr-sed-diam-nonumy-eirmod\\\/\",\"name\":\"Me s\u00f6nd bald zrogg - die Appenzeller Schauk\u00e4serei l\u00e4sst wieder blicken &#8211; Appenzeller Schauk\u00e4serei\",\"isPartOf\":{\"@id\":\"https:\\\/\\\/www.schaukaeserei.ch\\\/fr\\\/#website\"},\"datePublished\":\"2019-08-08T11:51:26+00:00\",\"dateModified\":\"2021-07-27T12:52:52+00:00\",\"author\":{\"@id\":\"https:\\\/\\\/www.schaukaeserei.ch\\\/fr\\\/#\\\/schema\\\/person\\\/ac54a4c674e95f577b5617ac8962c6a9\"},\"breadcrumb\":{\"@id\":\"https:\\\/\\\/www.schaukaeserei.ch\\\/fr\\\/consetetur-sadipscing-elitr-sed-diam-nonumy-eirmod\\\/#breadcrumb\"},\"inLanguage\":\"fr-FR\",\"potentialAction\":[{\"@type\":\"ReadAction\",\"target\":[\"https:\\\/\\\/www.schaukaeserei.ch\\\/fr\\\/consetetur-sadipscing-elitr-sed-diam-nonumy-eirmod\\\/\"]}]},{\"@type\":\"BreadcrumbList\",\"@id\":\"https:\\\/\\\/www.schaukaeserei.ch\\\/fr\\\/consetetur-sadipscing-elitr-sed-diam-nonumy-eirmod\\\/#breadcrumb\",\"itemListElement\":[{\"@type\":\"ListItem\",\"position\":1,\"name\":\"Startseite\",\"item\":\"https:\\\/\\\/www.schaukaeserei.ch\\\/fr\\\/\"},{\"@type\":\"ListItem\",\"position\":2,\"name\":\"Me s\u00f6nd bald zrogg &#8211; die Appenzeller Schauk\u00e4serei l\u00e4sst wieder blicken\"}]},{\"@type\":\"WebSite\",\"@id\":\"https:\\\/\\\/www.schaukaeserei.ch\\\/fr\\\/#website\",\"url\":\"https:\\\/\\\/www.schaukaeserei.ch\\\/fr\\\/\",\"name\":\"Appenzeller Schauk\u00e4serei\",\"description\":\"Entdecken Sie den geheimnisvollen Appenzeller K\u00e4se\",\"potentialAction\":[{\"@type\":\"SearchAction\",\"target\":{\"@type\":\"EntryPoint\",\"urlTemplate\":\"https:\\\/\\\/www.schaukaeserei.ch\\\/fr\\\/?s={search_term_string}\"},\"query-input\":{\"@type\":\"PropertyValueSpecification\",\"valueRequired\":true,\"valueName\":\"search_term_string\"}}],\"inLanguage\":\"fr-FR\"},{\"@type\":\"Person\",\"@id\":\"https:\\\/\\\/www.schaukaeserei.ch\\\/fr\\\/#\\\/schema\\\/person\\\/ac54a4c674e95f577b5617ac8962c6a9\",\"name\":\"Appenzeller Schauk\u00e4serei\",\"image\":{\"@type\":\"ImageObject\",\"inLanguage\":\"fr-FR\",\"@id\":\"https:\\\/\\\/secure.gravatar.com\\\/avatar\\\/6fe8364ed5b4ccd9bca9caa6dac45c11fc15ffe4145cbd8cd22b28f05302005e?s=96&d=mm&r=g\",\"url\":\"https:\\\/\\\/secure.gravatar.com\\\/avatar\\\/6fe8364ed5b4ccd9bca9caa6dac45c11fc15ffe4145cbd8cd22b28f05302005e?s=96&d=mm&r=g\",\"contentUrl\":\"https:\\\/\\\/secure.gravatar.com\\\/avatar\\\/6fe8364ed5b4ccd9bca9caa6dac45c11fc15ffe4145cbd8cd22b28f05302005e?s=96&d=mm&r=g\",\"caption\":\"Appenzeller Schauk\u00e4serei\"},\"url\":\"https:\\\/\\\/www.schaukaeserei.ch\\\/fr\\\/author\\\/appenzeller\\\/\"}]}<\/script>\n<!-- \/ Yoast SEO plugin. -->","yoast_head_json":{"title":"Me s\u00f6nd bald zrogg - die Appenzeller Schauk\u00e4serei l\u00e4sst wieder blicken &#8211; Appenzeller Schauk\u00e4serei","robots":{"index":"index","follow":"follow","max-snippet":"max-snippet:-1","max-image-preview":"max-image-preview:large","max-video-preview":"max-video-preview:-1"},"canonical":"https:\/\/www.schaukaeserei.ch\/fr\/consetetur-sadipscing-elitr-sed-diam-nonumy-eirmod\/","og_locale":"fr_FR","og_type":"article","og_title":"Me s\u00f6nd bald zrogg - die Appenzeller Schauk\u00e4serei l\u00e4sst wieder blicken &#8211; Appenzeller Schauk\u00e4serei","og_description":"\u00dcber 40 Jahre lang waren die Tore der Appenzeller Schauk\u00e4serei an 364 Tage im Jahr f\u00fcr G\u00e4ste aus aller Welt ge\u00f6ffnet.","og_url":"https:\/\/www.schaukaeserei.ch\/fr\/consetetur-sadipscing-elitr-sed-diam-nonumy-eirmod\/","og_site_name":"Appenzeller Schauk\u00e4serei","article_published_time":"2019-08-08T11:51:26+00:00","article_modified_time":"2021-07-27T12:52:52+00:00","og_image":[{"width":610,"height":202,"url":"https:\/\/www.schaukaeserei.ch\/wp-content\/uploads\/2021\/04\/logo_appenzeller_schaukaeserei@2x.png","type":"image\/png"}],"author":"Appenzeller Schauk\u00e4serei","twitter_card":"summary_large_image","twitter_misc":{"\u00c9crit par":"Appenzeller Schauk\u00e4serei","Dur\u00e9e de lecture estim\u00e9e":"1 minute"},"schema":{"@context":"https:\/\/schema.org","@graph":[{"@type":"Article","@id":"https:\/\/www.schaukaeserei.ch\/fr\/consetetur-sadipscing-elitr-sed-diam-nonumy-eirmod\/#article","isPartOf":{"@id":"https:\/\/www.schaukaeserei.ch\/fr\/consetetur-sadipscing-elitr-sed-diam-nonumy-eirmod\/"},"author":{"name":"Appenzeller Schauk\u00e4serei","@id":"https:\/\/www.schaukaeserei.ch\/fr\/#\/schema\/person\/ac54a4c674e95f577b5617ac8962c6a9"},"headline":"Me s\u00f6nd bald zrogg &#8211; die Appenzeller Schauk\u00e4serei l\u00e4sst wieder blicken","datePublished":"2019-08-08T11:51:26+00:00","dateModified":"2021-07-27T12:52:52+00:00","mainEntityOfPage":{"@id":"https:\/\/www.schaukaeserei.ch\/fr\/consetetur-sadipscing-elitr-sed-diam-nonumy-eirmod\/"},"wordCount":276,"articleSection":["Medien"],"inLanguage":"fr-FR"},{"@type":"WebPage","@id":"https:\/\/www.schaukaeserei.ch\/fr\/consetetur-sadipscing-elitr-sed-diam-nonumy-eirmod\/","url":"https:\/\/www.schaukaeserei.ch\/fr\/consetetur-sadipscing-elitr-sed-diam-nonumy-eirmod\/","name":"Me s\u00f6nd bald zrogg - die Appenzeller Schauk\u00e4serei l\u00e4sst wieder blicken &#8211; Appenzeller Schauk\u00e4serei","isPartOf":{"@id":"https:\/\/www.schaukaeserei.ch\/fr\/#website"},"datePublished":"2019-08-08T11:51:26+00:00","dateModified":"2021-07-27T12:52:52+00:00","author":{"@id":"https:\/\/www.schaukaeserei.ch\/fr\/#\/schema\/person\/ac54a4c674e95f577b5617ac8962c6a9"},"breadcrumb":{"@id":"https:\/\/www.schaukaeserei.ch\/fr\/consetetur-sadipscing-elitr-sed-diam-nonumy-eirmod\/#breadcrumb"},"inLanguage":"fr-FR","potentialAction":[{"@type":"ReadAction","target":["https:\/\/www.schaukaeserei.ch\/fr\/consetetur-sadipscing-elitr-sed-diam-nonumy-eirmod\/"]}]},{"@type":"BreadcrumbList","@id":"https:\/\/www.schaukaeserei.ch\/fr\/consetetur-sadipscing-elitr-sed-diam-nonumy-eirmod\/#breadcrumb","itemListElement":[{"@type":"ListItem","position":1,"name":"Startseite","item":"https:\/\/www.schaukaeserei.ch\/fr\/"},{"@type":"ListItem","position":2,"name":"Me s\u00f6nd bald zrogg &#8211; die Appenzeller Schauk\u00e4serei l\u00e4sst wieder blicken"}]},{"@type":"WebSite","@id":"https:\/\/www.schaukaeserei.ch\/fr\/#website","url":"https:\/\/www.schaukaeserei.ch\/fr\/","name":"Appenzeller Schauk\u00e4serei","description":"Entdecken Sie den geheimnisvollen Appenzeller K\u00e4se","potentialAction":[{"@type":"SearchAction","target":{"@type":"EntryPoint","urlTemplate":"https:\/\/www.schaukaeserei.ch\/fr\/?s={search_term_string}"},"query-input":{"@type":"PropertyValueSpecification","valueRequired":true,"valueName":"search_term_string"}}],"inLanguage":"fr-FR"},{"@type":"Person","@id":"https:\/\/www.schaukaeserei.ch\/fr\/#\/schema\/person\/ac54a4c674e95f577b5617ac8962c6a9","name":"Appenzeller Schauk\u00e4serei","image":{"@type":"ImageObject","inLanguage":"fr-FR","@id":"https:\/\/secure.gravatar.com\/avatar\/6fe8364ed5b4ccd9bca9caa6dac45c11fc15ffe4145cbd8cd22b28f05302005e?s=96&d=mm&r=g","url":"https:\/\/secure.gravatar.com\/avatar\/6fe8364ed5b4ccd9bca9caa6dac45c11fc15ffe4145cbd8cd22b28f05302005e?s=96&d=mm&r=g","contentUrl":"https:\/\/secure.gravatar.com\/avatar\/6fe8364ed5b4ccd9bca9caa6dac45c11fc15ffe4145cbd8cd22b28f05302005e?s=96&d=mm&r=g","caption":"Appenzeller Schauk\u00e4serei"},"url":"https:\/\/www.schaukaeserei.ch\/fr\/author\/appenzeller\/"}]}},"publishpress_future_action":{"enabled":false,"date":"2026-05-08 07:27:10","action":"change-status","newStatus":"draft","terms":[],"taxonomy":"category","extraData":[]},"publishpress_future_workflow_manual_trigger":{"enabledWorkflows":[]},"_links":{"self":[{"href":"https:\/\/www.schaukaeserei.ch\/fr\/wp-json\/wp\/v2\/posts\/4159","targetHints":{"allow":["GET"]}}],"collection":[{"href":"https:\/\/www.schaukaeserei.ch\/fr\/wp-json\/wp\/v2\/posts"}],"about":[{"href":"https:\/\/www.schaukaeserei.ch\/fr\/wp-json\/wp\/v2\/types\/post"}],"author":[{"embeddable":true,"href":"https:\/\/www.schaukaeserei.ch\/fr\/wp-json\/wp\/v2\/users\/3"}],"replies":[{"embeddable":true,"href":"https:\/\/www.schaukaeserei.ch\/fr\/wp-json\/wp\/v2\/comments?post=4159"}],"version-history":[{"count":1,"href":"https:\/\/www.schaukaeserei.ch\/fr\/wp-json\/wp\/v2\/posts\/4159\/revisions"}],"predecessor-version":[{"id":4160,"href":"https:\/\/www.schaukaeserei.ch\/fr\/wp-json\/wp\/v2\/posts\/4159\/revisions\/4160"}],"wp:attachment":[{"href":"https:\/\/www.schaukaeserei.ch\/fr\/wp-json\/wp\/v2\/media?parent=4159"}],"wp:term":[{"taxonomy":"category","embeddable":true,"href":"https:\/\/www.schaukaeserei.ch\/fr\/wp-json\/wp\/v2\/categories?post=4159"},{"taxonomy":"post_tag","embeddable":true,"href":"https:\/\/www.schaukaeserei.ch\/fr\/wp-json\/wp\/v2\/tags?post=4159"}],"curies":[{"name":"wp","href":"https:\/\/api.w.org\/{rel}","templated":true}]}}